{"id":1887,"date":"2023-04-14T11:52:54","date_gmt":"2023-04-14T09:52:54","guid":{"rendered":"https:\/\/www.gruenlandstaudenhof.de\/cms2\/?p=1887"},"modified":"2023-04-14T11:52:59","modified_gmt":"2023-04-14T09:52:59","slug":"der-pflaumenwickler-gefahr-fuer-ihre-pflaumen","status":"publish","type":"post","link":"https:\/\/www.gruenlandstaudenhof.de\/cms2\/ratgeber\/der-pflaumenwickler-gefahr-fuer-ihre-pflaumen\/","title":{"rendered":"Der Pflaumenwickler \u2013 Gefahr f\u00fcr Ihre Pflaumen"},"content":{"rendered":"\n<h2 class=\"wp-block-heading\">Beschreibung<\/h2>\n\n\n\n<p>Der Pfllaumenwickler ist ein grauer Falter. Er z\u00e4hlt zu den Sch\u00e4dlingen an Zwetschgen, Pflaumen, Mirabellen und Renekloden.<\/p>\n\n\n\n<p>Der Befall l\u00e4sst sich leicht erkennen, wenn die Fr\u00fcchte fr\u00fchzeitig reif werden und abfallen.<br>An den Bohrl\u00f6chern, durch die die Falterraupe in die Frucht kommt, ist ein gallertartiges Tr\u00f6pfchen erkennbar. Bohrloch und Fra\u00dfg\u00e4nge sind mit dem dunklen Kot der Raupe verschmutzt.<\/p>\n\n\n\n<h2 class=\"wp-block-heading\">Entwicklung<\/h2>\n\n\n\n<p class=\"has-text-align-left\">Die weiblichen Pflaumenwickler legen nach der Befruchtung ihre uhrglasf\u00f6rmigen Eier einzeln auf den Fr\u00fcchten ab. Die Raupen schl\u00fcpfen dann recht schnell nach einigen Tagen. Nach dem Schlupf bohren sich die Pflaumenwicklerraupen in die Frucht hinein und verlassen sie erst wieder, wenn sie ausgewachsen sind. Anschlie\u00dfend erfolgt die Verpuppung am Stamm oder im Boden.<\/p>\n\n\n\n<h2 class=\"wp-block-heading\">Bek\u00e4mpfung und Vorbeugung<\/h2>\n\n\n\n<p>Der Flugaktivit\u00e4t des Pflaumenwicklerfalters setzt Ende April ein. Die zweite Generation startet ihre Flugaktivit\u00e4t im Juni und die dritte Generation startet im August.<\/p>\n\n\n\n<p>Die Bek\u00e4mpfung des Pflaumenwicklers muss somit von Mai bis August erfolgen.<\/p>\n\n\n\n<p>Von Mitte Mai an (je nach Region, in klimatisch g\u00fcnstigen Gebieten auch zwei bis vier Wochen fr\u00fcher) sollten spezielle Obstmadenfallen in und in die N\u00e4he der zu sch\u00fctzenden B\u00e4ume geh\u00e4ngt werden. Mithilfe von Sexuallockstoffen (Pheromonen) werden m\u00e4nnliche Pflaumenwicklerfalter angelockt und bleiben an den Fallen (h\u00e4ufig Leimtafel) h\u00e4ngen. Dies f\u00fchrt dazu, dass die Weibchen nicht mehr befruchtet werden und unbefruchtete Eier an den Fr\u00fcchten legen.<\/p>\n\n\n\n<p>Nach etwa 6 Wochen sollten die Leimtafeln und Pheromon-Kapseln durch ein Nachr\u00fcchtset ausgetauscht werden, damit die Bek\u00e4mpfung der Pflaumenwickler \u00fcber den gesamten Zeitraum konstant erfolgt. Man rechnet mit etwa einer Falle f\u00fcr drei B\u00e4ume in ihrer unmittelbaren N\u00e4he.<\/p>\n\n\n\n<p>Bereits befallene Fr\u00fcchte oder abgefallene Fr\u00fcchte, sollten umgehend Entsorgt werden, damit die Nachkommen sich nicht entwickeln k\u00f6nnen.<\/p>\n\n\n\n<h3 class=\"wp-block-heading\">Empfehlung<\/h3>\n\n\n\n<hr class=\"wp-block-separator has-css-opacity is-style-wide gruen-gray-ads\"\/>\n\n\n<div id=\"gruen-1588129560\"><div class=\"gruen-adlabel\">Werbung<\/div><div id=\"gruen-1298637285\" style=\"margin-right: 10px;float: left;\"><ul>\r\n  <li><a target=\"_blank\" href=\"https:\/\/www.amazon.de\/gp\/product\/B000PTMCIY\/ref=as_li_tl?ie=UTF8&camp=1638&creative=6742&creativeASIN=B000PTMCIY&linkCode=as2&tag=gruenlandstau-21&linkId=db8c5a8a487e53c3321d1188f00dea6e\">Naturen  Pflaumenmaden-Falle - 1 Set<\/a><\/li>\r\n  <li>\r\n    \r\n    <a target=\"_blank\" href=\"https:\/\/www.amazon.de\/gp\/product\/B00516DQLI\/ref=as_li_tl?ie=UTF8&camp=1638&creative=6742&creativeASIN=B00516DQLI&linkCode=as2&tag=gruenlandstau-21&linkId=28aa0e2944381b5bc080d71fdb41dd0b\">Naturen  Pflaumenmaden-Falle Nachr\u00fcstset - 1 Set<\/a>    <\/li>\r\n  <li><a target=\"_blank\" href=\"https:\/\/www.amazon.de\/gp\/product\/B01N494748\/ref=as_li_tl?ie=UTF8&camp=1638&creative=6742&creativeASIN=B01N494748&linkCode=as2&tag=gruenlandstau-21&linkId=64957c48bdd1e1e5bf9b40963d120614\">Celaflor Naturen Pflaumenmaden-Falle 1 Set+2 Nachf<\/a><\/li>\r\n<\/ul>\r\n<p style=\"font-size: 0.75em; font-weight: bold;\">\r\n  Als Amazon-Partner verdiene ich an qualifizierten Verk\u00e4ufen.\r\n<\/p>\r\n<\/div><\/div>\n\n\n\n<hr class=\"wp-block-separator has-css-opacity is-style-wide gruen-gray-ads\"\/>\n\n\n\n<p><\/p>\n<div id=\"gruen-666461735\" class=\"gruen-footer_468x60_bottom gruen-entity-placement\"><div class=\"gruen-adlabel\">Werbung<\/div><div class=\"InPageAdContainer\">\r\n\r\n<!--\t<span class=\"InPageAdHeaderTextWERBUNG\">WERBUNG<\/span>-->\r\n\r\n\t<div style=\"display: flex; flex-direction: column; align-items: center; gap: 10px;\">\r\n\t\t<div style=\"display: inline-block; padding-top:5px;\">\r\n\t\t\t <div id=\"gruen-3800564090\"><div class=\"gruen-adlabel\">Werbung<\/div><div id=\"gruen-995745026\">        <a href=\"https:\/\/t.adcell.com\/p\/click?encodingId=2cdbf76223f3664015f4ef7ed499f369\" target=\"_blank\" rel=\"nofollow sponsored noopener\">\r\n            <img src=\"https:\/\/www.gruenlandstaudenhof.de\/cms2\/wp-content\/uploads\/my-ads-cache\/2370debd1e820e32777d4068e737dfd7.jpg\"\r\n                 alt=\"Legona\"\r\n                 style=\"max-width:100%;height:auto;\"\r\n                width=\"469\"                height=\"61\"                 loading=\"lazy\">\r\n        <\/a>\r\n        <\/div><\/div>\r\n\t\t<\/div>\r\n\t\r\n\t\t<div style=\"display: inline-block; padding-top:5px;\">\r\n\t\t\t<div id=\"gruen-245163238\"><div class=\"gruen-adlabel\">Werbung<\/div><div id=\"gruen-2742269188\">        <a href=\"https:\/\/t.adcell.com\/p\/click?encodingId=d0ce7d77ad01e9bed66b566d8edfb927\" target=\"_blank\" rel=\"nofollow sponsored noopener\">\r\n            <img src=\"https:\/\/www.gruenlandstaudenhof.de\/cms2\/wp-content\/uploads\/my-ads-cache\/40530b9600e52758b460dd9fca468936.gif\"\r\n                 alt=\"agrarflora\"\r\n                 style=\"max-width:100%;height:auto;\"\r\n                width=\"970\"                height=\"250\"                 loading=\"lazy\">\r\n        <\/a>\r\n        \r\n\r\n\r\n\r\n<\/div><\/div>\r\n\t\t<\/div>\r\n\t<\/div>\r\n\t\t\r\n\t<div>\r\n\t<script data-cmp-vendor=\"755\" type=\"text\/plain\" async class=\"cmplazyload\" data-cmp-src=\"https:\/\/pagead2.googlesyndication.com\/pagead\/js\/adsbygoogle.js?client=ca-pub-4674519130717366\"\r\n     crossorigin=\"anonymous\"><\/script>\r\n\t<ins type=\"text\/plain\" class=\"adsbygoogle\"\r\n     style=\"display:block\"\r\n     data-ad-client=\"ca-pub-4674519130717366\"\r\n     data-ad-slot=\"3839778248\"\r\n     data-ad-format=\"auto\"\r\n     data-full-width-responsive=\"true\"><\/ins>\r\n\t<script type=\"text\/plain\" data-cmp-vendor=\"755\" class=\"cmplazyload\">\r\n     (adsbygoogle = window.adsbygoogle || []).push({});\r\n\t<\/script>\r\n     <\/div>\r\n\r\n\t\r\n\t\r\n\r\n<\/div>\r\n\r\n<\/div>","protected":false},"excerpt":{"rendered":"<p>Beschreibung Der Pfllaumenwickler ist ein grauer Falter. Er z\u00e4hlt zu den Sch\u00e4dlingen an Zwetschgen, Pflaumen, Mirabellen und Renekloden. Der Befall l\u00e4sst sich leicht erkennen, wenn die Fr\u00fcchte fr\u00fchzeitig reif werden und abfallen.An den Bohrl\u00f6chern, durch die die Falterraupe in die Frucht kommt, ist ein gallertartiges Tr\u00f6pfchen erkennbar. Bohrloch und Fra\u00dfg\u00e4nge sind mit dem dunklen Kot [&hellip;]<\/p>\n","protected":false},"author":1,"featured_media":0,"comment_status":"open","ping_status":"open","sticky":false,"template":"","format":"standard","meta":{"_uag_custom_page_level_css":"","ocean_post_layout":"","ocean_both_sidebars_style":"","ocean_both_sidebars_content_width":0,"ocean_both_sidebars_sidebars_width":0,"ocean_sidebar":"0","ocean_second_sidebar":"0","ocean_disable_margins":"enable","ocean_add_body_class":"","ocean_shortcode_before_top_bar":"","ocean_shortcode_after_top_bar":"","ocean_shortcode_before_header":"","ocean_shortcode_after_header":"","ocean_has_shortcode":"","ocean_shortcode_after_title":"","ocean_shortcode_before_footer_widgets":"","ocean_shortcode_after_footer_widgets":"","ocean_shortcode_before_footer_bottom":"","ocean_shortcode_after_footer_bottom":"","ocean_display_top_bar":"default","ocean_display_header":"default","ocean_header_style":"","ocean_center_header_left_menu":"0","ocean_custom_header_template":"0","ocean_custom_logo":0,"ocean_custom_retina_logo":0,"ocean_custom_logo_max_width":0,"ocean_custom_logo_tablet_max_width":0,"ocean_custom_logo_mobile_max_width":0,"ocean_custom_logo_max_height":0,"ocean_custom_logo_tablet_max_height":0,"ocean_custom_logo_mobile_max_height":0,"ocean_header_custom_menu":"0","ocean_menu_typo_font_family":"0","ocean_menu_typo_font_subset":"","ocean_menu_typo_font_size":0,"ocean_menu_typo_font_size_tablet":0,"ocean_menu_typo_font_size_mobile":0,"ocean_menu_typo_font_size_unit":"px","ocean_menu_typo_font_weight":"","ocean_menu_typo_font_weight_tablet":"","ocean_menu_typo_font_weight_mobile":"","ocean_menu_typo_transform":"","ocean_menu_typo_transform_tablet":"","ocean_menu_typo_transform_mobile":"","ocean_menu_typo_line_height":0,"ocean_menu_typo_line_height_tablet":0,"ocean_menu_typo_line_height_mobile":0,"ocean_menu_typo_line_height_unit":"","ocean_menu_typo_spacing":0,"ocean_menu_typo_spacing_tablet":0,"ocean_menu_typo_spacing_mobile":0,"ocean_menu_typo_spacing_unit":"","ocean_menu_link_color":"","ocean_menu_link_color_hover":"","ocean_menu_link_color_active":"","ocean_menu_link_background":"","ocean_menu_link_hover_background":"","ocean_menu_link_active_background":"","ocean_menu_social_links_bg":"","ocean_menu_social_hover_links_bg":"","ocean_menu_social_links_color":"","ocean_menu_social_hover_links_color":"","ocean_disable_title":"default","ocean_disable_heading":"default","ocean_post_title":"","ocean_post_subheading":"","ocean_post_title_style":"","ocean_post_title_background_color":"","ocean_post_title_background":0,"ocean_post_title_bg_image_position":"","ocean_post_title_bg_image_attachment":"","ocean_post_title_bg_image_repeat":"","ocean_post_title_bg_image_size":"","ocean_post_title_height":0,"ocean_post_title_bg_overlay":0.5,"ocean_post_title_bg_overlay_color":"","ocean_disable_breadcrumbs":"default","ocean_breadcrumbs_color":"","ocean_breadcrumbs_separator_color":"","ocean_breadcrumbs_links_color":"","ocean_breadcrumbs_links_hover_color":"","ocean_display_footer_widgets":"default","ocean_display_footer_bottom":"default","ocean_custom_footer_template":"0","ocean_post_oembed":"","ocean_post_self_hosted_media":"","ocean_post_video_embed":"","ocean_link_format":"","ocean_link_format_target":"self","ocean_quote_format":"","ocean_quote_format_link":"post","ocean_gallery_link_images":"off","ocean_gallery_id":[],"footnotes":""},"categories":[10,98,32,149],"tags":[171,170,169,127],"class_list":["post-1887","post","type-post","status-publish","format-standard","hentry","category-haus-garten","category-landwirtschaft","category-tipps","category-ratgeber","tag-pflaumen","tag-pflaumenbaum","tag-pflaumenwickler","tag-ratgeber","entry"],"yoast_head":"<!-- This site is optimized with the Yoast SEO plugin v27.4 - https:\/\/yoast.com\/product\/yoast-seo-wordpress\/ -->\n<title>Der Pflaumenwickler \u2013 Gefahr f\u00fcr Ihre Pflaumen - Gr\u00fcnlandstaudenhof<\/title>\n<meta name=\"description\" content=\"Beschreibung Der Pfllaumenwickler ist ein grauer Falter. Er z\u00e4hlt zu den Sch\u00e4dlingen an Zwetschgen, Pflaumen, Mirabellen und Renekloden. Der Befall l\u00e4sst\" \/>\n<meta name=\"robots\" content=\"index, follow, max-snippet:-1, max-image-preview:large, max-video-preview:-1\" \/>\n<link rel=\"canonical\" href=\"https:\/\/www.gruenlandstaudenhof.de\/cms2\/ratgeber\/der-pflaumenwickler-gefahr-fuer-ihre-pflaumen\/\" \/>\n<meta property=\"og:locale\" content=\"de_DE\" \/>\n<meta property=\"og:type\" content=\"article\" \/>\n<meta property=\"og:title\" content=\"Der Pflaumenwickler \u2013 Gefahr f\u00fcr Ihre Pflaumen - Gr\u00fcnlandstaudenhof\" \/>\n<meta property=\"og:description\" content=\"Beschreibung Der Pfllaumenwickler ist ein grauer Falter. Er z\u00e4hlt zu den Sch\u00e4dlingen an Zwetschgen, Pflaumen, Mirabellen und Renekloden. Der Befall l\u00e4sst\" \/>\n<meta property=\"og:url\" content=\"https:\/\/www.gruenlandstaudenhof.de\/cms2\/ratgeber\/der-pflaumenwickler-gefahr-fuer-ihre-pflaumen\/\" \/>\n<meta property=\"og:site_name\" content=\"Gr\u00fcnlandstaudenhof\" \/>\n<meta property=\"article:publisher\" content=\"https:\/\/www.facebook.com\/gruenlandstaudenhof\" \/>\n<meta property=\"article:published_time\" content=\"2023-04-14T09:52:54+00:00\" \/>\n<meta property=\"article:modified_time\" content=\"2023-04-14T09:52:59+00:00\" \/>\n<meta property=\"og:image\" content=\"https:\/\/www.gruenlandstaudenhof.de\/cms2\/wp-content\/uploads\/2019\/01\/Logo192.png\" \/>\n\t<meta property=\"og:image:width\" content=\"192\" \/>\n\t<meta property=\"og:image:height\" content=\"192\" \/>\n\t<meta property=\"og:image:type\" content=\"image\/png\" \/>\n<meta name=\"author\" content=\"Administrator\" \/>\n<meta name=\"twitter:card\" content=\"summary_large_image\" \/>\n<meta name=\"twitter:creator\" content=\"@GSH_Oberhausen\" \/>\n<meta name=\"twitter:site\" content=\"@GSH_Oberhausen\" \/>\n<meta name=\"twitter:label1\" content=\"Verfasst von\" \/>\n\t<meta name=\"twitter:data1\" content=\"Administrator\" \/>\n\t<meta name=\"twitter:label2\" content=\"Gesch\u00e4tzte Lesezeit\" \/>\n\t<meta name=\"twitter:data2\" content=\"2\u00a0Minuten\" \/>\n<!-- \/ Yoast SEO plugin. -->","yoast_head_json":{"title":"Der Pflaumenwickler \u2013 Gefahr f\u00fcr Ihre Pflaumen - Gr\u00fcnlandstaudenhof","description":"Beschreibung Der Pfllaumenwickler ist ein grauer Falter. Er z\u00e4hlt zu den Sch\u00e4dlingen an Zwetschgen, Pflaumen, Mirabellen und Renekloden. Der Befall l\u00e4sst","robots":{"index":"index","follow":"follow","max-snippet":"max-snippet:-1","max-image-preview":"max-image-preview:large","max-video-preview":"max-video-preview:-1"},"canonical":"https:\/\/www.gruenlandstaudenhof.de\/cms2\/ratgeber\/der-pflaumenwickler-gefahr-fuer-ihre-pflaumen\/","og_locale":"de_DE","og_type":"article","og_title":"Der Pflaumenwickler \u2013 Gefahr f\u00fcr Ihre Pflaumen - Gr\u00fcnlandstaudenhof","og_description":"Beschreibung Der Pfllaumenwickler ist ein grauer Falter. Er z\u00e4hlt zu den Sch\u00e4dlingen an Zwetschgen, Pflaumen, Mirabellen und Renekloden. Der Befall l\u00e4sst","og_url":"https:\/\/www.gruenlandstaudenhof.de\/cms2\/ratgeber\/der-pflaumenwickler-gefahr-fuer-ihre-pflaumen\/","og_site_name":"Gr\u00fcnlandstaudenhof","article_publisher":"https:\/\/www.facebook.com\/gruenlandstaudenhof","article_published_time":"2023-04-14T09:52:54+00:00","article_modified_time":"2023-04-14T09:52:59+00:00","og_image":[{"width":192,"height":192,"url":"https:\/\/www.gruenlandstaudenhof.de\/cms2\/wp-content\/uploads\/2019\/01\/Logo192.png","type":"image\/png"}],"author":"Administrator","twitter_card":"summary_large_image","twitter_creator":"@GSH_Oberhausen","twitter_site":"@GSH_Oberhausen","twitter_misc":{"Verfasst von":"Administrator","Gesch\u00e4tzte Lesezeit":"2\u00a0Minuten"},"schema":{"@context":"https:\/\/schema.org","@graph":[{"@type":"Article","@id":"https:\/\/www.gruenlandstaudenhof.de\/cms2\/ratgeber\/der-pflaumenwickler-gefahr-fuer-ihre-pflaumen\/#article","isPartOf":{"@id":"https:\/\/www.gruenlandstaudenhof.de\/cms2\/ratgeber\/der-pflaumenwickler-gefahr-fuer-ihre-pflaumen\/"},"author":{"name":"Administrator","@id":"https:\/\/www.gruenlandstaudenhof.de\/cms2\/#\/schema\/person\/5ddb7b7caf3cb3446b4b3c35e2724a03"},"headline":"Der Pflaumenwickler \u2013 Gefahr f\u00fcr Ihre Pflaumen","datePublished":"2023-04-14T09:52:54+00:00","dateModified":"2023-04-14T09:52:59+00:00","mainEntityOfPage":{"@id":"https:\/\/www.gruenlandstaudenhof.de\/cms2\/ratgeber\/der-pflaumenwickler-gefahr-fuer-ihre-pflaumen\/"},"wordCount":316,"commentCount":3,"publisher":{"@id":"https:\/\/www.gruenlandstaudenhof.de\/cms2\/#organization"},"keywords":["Pflaumen","Pflaumenbaum","Pflaumenwickler","Ratgeber"],"articleSection":["Haus &amp; Garten","Landwirtschaft","R-Tipps","Ratgeber"],"inLanguage":"de","potentialAction":[{"@type":"CommentAction","name":"Comment","target":["https:\/\/www.gruenlandstaudenhof.de\/cms2\/ratgeber\/der-pflaumenwickler-gefahr-fuer-ihre-pflaumen\/#respond"]}]},{"@type":"WebPage","@id":"https:\/\/www.gruenlandstaudenhof.de\/cms2\/ratgeber\/der-pflaumenwickler-gefahr-fuer-ihre-pflaumen\/","url":"https:\/\/www.gruenlandstaudenhof.de\/cms2\/ratgeber\/der-pflaumenwickler-gefahr-fuer-ihre-pflaumen\/","name":"Der Pflaumenwickler \u2013 Gefahr f\u00fcr Ihre Pflaumen - Gr\u00fcnlandstaudenhof","isPartOf":{"@id":"https:\/\/www.gruenlandstaudenhof.de\/cms2\/#website"},"datePublished":"2023-04-14T09:52:54+00:00","dateModified":"2023-04-14T09:52:59+00:00","description":"Beschreibung Der Pfllaumenwickler ist ein grauer Falter. Er z\u00e4hlt zu den Sch\u00e4dlingen an Zwetschgen, Pflaumen, Mirabellen und Renekloden. Der Befall l\u00e4sst","breadcrumb":{"@id":"https:\/\/www.gruenlandstaudenhof.de\/cms2\/ratgeber\/der-pflaumenwickler-gefahr-fuer-ihre-pflaumen\/#breadcrumb"},"inLanguage":"de","potentialAction":[{"@type":"ReadAction","target":["https:\/\/www.gruenlandstaudenhof.de\/cms2\/ratgeber\/der-pflaumenwickler-gefahr-fuer-ihre-pflaumen\/"]}]},{"@type":"BreadcrumbList","@id":"https:\/\/www.gruenlandstaudenhof.de\/cms2\/ratgeber\/der-pflaumenwickler-gefahr-fuer-ihre-pflaumen\/#breadcrumb","itemListElement":[{"@type":"ListItem","position":1,"name":"Startseite","item":"https:\/\/www.gruenlandstaudenhof.de\/cms2\/"},{"@type":"ListItem","position":2,"name":"Der Pflaumenwickler \u2013 Gefahr f\u00fcr Ihre Pflaumen"}]},{"@type":"WebSite","@id":"https:\/\/www.gruenlandstaudenhof.de\/cms2\/#website","url":"https:\/\/www.gruenlandstaudenhof.de\/cms2\/","name":"Gr\u00fcnlandstaudenhof","description":"Landwirtschaft, Gartenbau, Landhandel","publisher":{"@id":"https:\/\/www.gruenlandstaudenhof.de\/cms2\/#organization"},"potentialAction":[{"@type":"SearchAction","target":{"@type":"EntryPoint","urlTemplate":"https:\/\/www.gruenlandstaudenhof.de\/cms2\/?s={search_term_string}"},"query-input":{"@type":"PropertyValueSpecification","valueRequired":true,"valueName":"search_term_string"}}],"inLanguage":"de"},{"@type":"Organization","@id":"https:\/\/www.gruenlandstaudenhof.de\/cms2\/#organization","name":"Gr\u00fcnlandstaudenhof","url":"https:\/\/www.gruenlandstaudenhof.de\/cms2\/","logo":{"@type":"ImageObject","inLanguage":"de","@id":"https:\/\/www.gruenlandstaudenhof.de\/cms2\/#\/schema\/logo\/image\/","url":"https:\/\/www.gruenlandstaudenhof.de\/cms2\/wp-content\/uploads\/2016\/03\/logo_briefkopf_OT.png","contentUrl":"https:\/\/www.gruenlandstaudenhof.de\/cms2\/wp-content\/uploads\/2016\/03\/logo_briefkopf_OT.png","width":504,"height":504,"caption":"Gr\u00fcnlandstaudenhof"},"image":{"@id":"https:\/\/www.gruenlandstaudenhof.de\/cms2\/#\/schema\/logo\/image\/"},"sameAs":["https:\/\/www.facebook.com\/gruenlandstaudenhof","https:\/\/x.com\/GSH_Oberhausen","https:\/\/www.instagram.com\/gruenlandstaudenhof\/"]},{"@type":"Person","@id":"https:\/\/www.gruenlandstaudenhof.de\/cms2\/#\/schema\/person\/5ddb7b7caf3cb3446b4b3c35e2724a03","name":"Administrator"}]}},"uagb_featured_image_src":{"full":false,"thumbnail":false,"medium":false,"medium_large":false,"large":false,"1536x1536":false,"2048x2048":false,"ocean-thumb-m":false,"ocean-thumb-ml":false,"ocean-thumb-l":false},"uagb_author_info":{"display_name":"Administrator","author_link":"https:\/\/www.gruenlandstaudenhof.de\/cms2\/author\/administrator\/"},"uagb_comment_info":3,"uagb_excerpt":"Beschreibung Der Pfllaumenwickler ist ein grauer Falter. Er z\u00e4hlt zu den Sch\u00e4dlingen an Zwetschgen, Pflaumen, Mirabellen und Renekloden. Der Befall l\u00e4sst sich leicht erkennen, wenn die Fr\u00fcchte fr\u00fchzeitig reif werden und abfallen.An den Bohrl\u00f6chern, durch die die Falterraupe in die Frucht kommt, ist ein gallertartiges Tr\u00f6pfchen erkennbar. Bohrloch und Fra\u00dfg\u00e4nge sind mit dem dunklen Kot&hellip;","_links":{"self":[{"href":"https:\/\/www.gruenlandstaudenhof.de\/cms2\/wp-json\/wp\/v2\/posts\/1887","targetHints":{"allow":["GET"]}}],"collection":[{"href":"https:\/\/www.gruenlandstaudenhof.de\/cms2\/wp-json\/wp\/v2\/posts"}],"about":[{"href":"https:\/\/www.gruenlandstaudenhof.de\/cms2\/wp-json\/wp\/v2\/types\/post"}],"author":[{"embeddable":true,"href":"https:\/\/www.gruenlandstaudenhof.de\/cms2\/wp-json\/wp\/v2\/users\/1"}],"replies":[{"embeddable":true,"href":"https:\/\/www.gruenlandstaudenhof.de\/cms2\/wp-json\/wp\/v2\/comments?post=1887"}],"version-history":[{"count":0,"href":"https:\/\/www.gruenlandstaudenhof.de\/cms2\/wp-json\/wp\/v2\/posts\/1887\/revisions"}],"wp:attachment":[{"href":"https:\/\/www.gruenlandstaudenhof.de\/cms2\/wp-json\/wp\/v2\/media?parent=1887"}],"wp:term":[{"taxonomy":"category","embeddable":true,"href":"https:\/\/www.gruenlandstaudenhof.de\/cms2\/wp-json\/wp\/v2\/categories?post=1887"},{"taxonomy":"post_tag","embeddable":true,"href":"https:\/\/www.gruenlandstaudenhof.de\/cms2\/wp-json\/wp\/v2\/tags?post=1887"}],"curies":[{"name":"wp","href":"https:\/\/api.w.org\/{rel}","templated":true}]}}