{"id":2512,"date":"2020-10-19T13:43:59","date_gmt":"2020-10-19T11:43:59","guid":{"rendered":"https:\/\/www.gruenlandstaudenhof.de\/cms2\/?p=2512"},"modified":"2020-10-19T13:44:01","modified_gmt":"2020-10-19T11:44:01","slug":"corona-die-zweite-welle","status":"publish","type":"post","link":"https:\/\/www.gruenlandstaudenhof.de\/cms2\/news-infos\/corona-die-zweite-welle\/","title":{"rendered":"Corona, die zweite Welle"},"content":{"rendered":"\n<p>Nun ist sie da, die zweite COVID-19 \/ SARS-CoV-2 Welle!<\/p>\n\n\n\n<p>Aufgrund dessen haben wir die Sicherheitsma\u00dfnahmen wieder versch\u00e4rft und werden diese auf unbestimmte Zeit aufrecht erhalten.<\/p>\n\n\n\n<p>Wir bitten Sie daher um Verst\u00e4ndnis, wenn Ihre Bestellung etwas l\u00e4nger dauert oder unser Service nur eingeschr\u00e4nkt zu Verf\u00fcgung steht.<\/p>\n\n\n\n<p>Wir werden Sie hier regelm\u00e4\u00dfig informieren.<\/p>\n\n\n\n<p>Hier finden Sie unseren Beitrag zur <a href=\"https:\/\/www.gruenlandstaudenhof.de\/cms2\/news-infos\/corona-covid19-pandemie-hinweise\/\">ersten Corona-Welle<\/a>.<\/p>\n<div id=\"gruen-4021937726\" class=\"gruen-footer_468x60_bottom gruen-entity-placement\"><div class=\"gruen-adlabel\">Werbung<\/div><div class=\"InPageAdContainer\">\r\n\r\n<!--\t<span class=\"InPageAdHeaderTextWERBUNG\">WERBUNG<\/span>-->\r\n\r\n\t<div style=\"display: flex; flex-direction: column; align-items: center; gap: 10px;\">\r\n\t\t<div style=\"display: inline-block; padding-top:5px;\">\r\n\t\t\t <div id=\"gruen-589694709\"><div class=\"gruen-adlabel\">Werbung<\/div><div id=\"gruen-2848852838\">        <a href=\"https:\/\/t.adcell.com\/p\/click?encodingId=d0ce7d77ad01e9bed66b566d8edfb927\" target=\"_blank\" rel=\"nofollow sponsored noopener\">\r\n            <img src=\"https:\/\/www.gruenlandstaudenhof.de\/cms2\/wp-content\/uploads\/my-ads-cache\/40530b9600e52758b460dd9fca468936.gif\"\r\n                 alt=\"agrarflora\"\r\n                 style=\"max-width:100%;height:auto;\"\r\n                width=\"970\"                height=\"250\"                 loading=\"lazy\">\r\n        <\/a>\r\n        \r\n\r\n\r\n\r\n<\/div><\/div>\r\n\t\t<\/div>\r\n\t\r\n\t\t<div style=\"display: inline-block; padding-top:5px;\">\r\n\t\t\t<div id=\"gruen-2424920783\"><div class=\"gruen-adlabel\">Werbung<\/div><div id=\"gruen-120976909\">        <a href=\"https:\/\/t.adcell.com\/p\/click?encodingId=2cdbf76223f3664015f4ef7ed499f369\" target=\"_blank\" rel=\"nofollow sponsored noopener\">\r\n            <img src=\"https:\/\/www.gruenlandstaudenhof.de\/cms2\/wp-content\/uploads\/my-ads-cache\/2370debd1e820e32777d4068e737dfd7.jpg\"\r\n                 alt=\"Legona\"\r\n                 style=\"max-width:100%;height:auto;\"\r\n                width=\"469\"                height=\"61\"                 loading=\"lazy\">\r\n        <\/a>\r\n        <\/div><\/div>\r\n\t\t<\/div>\r\n\t<\/div>\r\n\t\t\r\n\t<div>\r\n\t<script data-cmp-vendor=\"755\" type=\"text\/plain\" async class=\"cmplazyload\" data-cmp-src=\"https:\/\/pagead2.googlesyndication.com\/pagead\/js\/adsbygoogle.js?client=ca-pub-4674519130717366\"\r\n     crossorigin=\"anonymous\"><\/script>\r\n\t<ins type=\"text\/plain\" class=\"adsbygoogle\"\r\n     style=\"display:block\"\r\n     data-ad-client=\"ca-pub-4674519130717366\"\r\n     data-ad-slot=\"3839778248\"\r\n     data-ad-format=\"auto\"\r\n     data-full-width-responsive=\"true\"><\/ins>\r\n\t<script type=\"text\/plain\" data-cmp-vendor=\"755\" class=\"cmplazyload\">\r\n     (adsbygoogle = window.adsbygoogle || []).push({});\r\n\t<\/script>\r\n     <\/div>\r\n\r\n\t\r\n\t\r\n\r\n<\/div>\r\n\r\n<\/div>","protected":false},"excerpt":{"rendered":"<p>Nun ist sie da, die zweite COVID-19 \/ SARS-CoV-2 Welle! Aufgrund dessen haben wir die Sicherheitsma\u00dfnahmen wieder versch\u00e4rft und werden diese auf unbestimmte Zeit aufrecht erhalten. Wir bitten Sie daher um Verst\u00e4ndnis, wenn Ihre Bestellung etwas l\u00e4nger dauert oder unser Service nur eingeschr\u00e4nkt zu Verf\u00fcgung steht. Wir werden Sie hier regelm\u00e4\u00dfig informieren. Hier finden Sie [&hellip;]<\/p>\n","protected":false},"author":1,"featured_media":0,"comment_status":"open","ping_status":"open","sticky":false,"template":"","format":"standard","meta":{"_uag_custom_page_level_css":"","ocean_post_layout":"","ocean_both_sidebars_style":"","ocean_both_sidebars_content_width":0,"ocean_both_sidebars_sidebars_width":0,"ocean_sidebar":"","ocean_second_sidebar":"","ocean_disable_margins":"enable","ocean_add_body_class":"","ocean_shortcode_before_top_bar":"","ocean_shortcode_after_top_bar":"","ocean_shortcode_before_header":"","ocean_shortcode_after_header":"","ocean_has_shortcode":"","ocean_shortcode_after_title":"","ocean_shortcode_before_footer_widgets":"","ocean_shortcode_after_footer_widgets":"","ocean_shortcode_before_footer_bottom":"","ocean_shortcode_after_footer_bottom":"","ocean_display_top_bar":"default","ocean_display_header":"default","ocean_header_style":"","ocean_center_header_left_menu":"","ocean_custom_header_template":"","ocean_custom_logo":0,"ocean_custom_retina_logo":0,"ocean_custom_logo_max_width":0,"ocean_custom_logo_tablet_max_width":0,"ocean_custom_logo_mobile_max_width":0,"ocean_custom_logo_max_height":0,"ocean_custom_logo_tablet_max_height":0,"ocean_custom_logo_mobile_max_height":0,"ocean_header_custom_menu":"","ocean_menu_typo_font_family":"","ocean_menu_typo_font_subset":"","ocean_menu_typo_font_size":0,"ocean_menu_typo_font_size_tablet":0,"ocean_menu_typo_font_size_mobile":0,"ocean_menu_typo_font_size_unit":"px","ocean_menu_typo_font_weight":"","ocean_menu_typo_font_weight_tablet":"","ocean_menu_typo_font_weight_mobile":"","ocean_menu_typo_transform":"","ocean_menu_typo_transform_tablet":"","ocean_menu_typo_transform_mobile":"","ocean_menu_typo_line_height":0,"ocean_menu_typo_line_height_tablet":0,"ocean_menu_typo_line_height_mobile":0,"ocean_menu_typo_line_height_unit":"","ocean_menu_typo_spacing":0,"ocean_menu_typo_spacing_tablet":0,"ocean_menu_typo_spacing_mobile":0,"ocean_menu_typo_spacing_unit":"","ocean_menu_link_color":"","ocean_menu_link_color_hover":"","ocean_menu_link_color_active":"","ocean_menu_link_background":"","ocean_menu_link_hover_background":"","ocean_menu_link_active_background":"","ocean_menu_social_links_bg":"","ocean_menu_social_hover_links_bg":"","ocean_menu_social_links_color":"","ocean_menu_social_hover_links_color":"","ocean_disable_title":"default","ocean_disable_heading":"default","ocean_post_title":"","ocean_post_subheading":"","ocean_post_title_style":"","ocean_post_title_background_color":"","ocean_post_title_background":0,"ocean_post_title_bg_image_position":"","ocean_post_title_bg_image_attachment":"","ocean_post_title_bg_image_repeat":"","ocean_post_title_bg_image_size":"","ocean_post_title_height":0,"ocean_post_title_bg_overlay":0.5,"ocean_post_title_bg_overlay_color":"","ocean_disable_breadcrumbs":"default","ocean_breadcrumbs_color":"","ocean_breadcrumbs_separator_color":"","ocean_breadcrumbs_links_color":"","ocean_breadcrumbs_links_hover_color":"","ocean_display_footer_widgets":"default","ocean_display_footer_bottom":"default","ocean_custom_footer_template":"","ocean_post_oembed":"","ocean_post_self_hosted_media":"","ocean_post_video_embed":"","ocean_link_format":"","ocean_link_format_target":"self","ocean_quote_format":"","ocean_quote_format_link":"post","ocean_gallery_link_images":"on","ocean_gallery_id":[],"footnotes":""},"categories":[1],"tags":[],"class_list":["post-2512","post","type-post","status-publish","format-standard","hentry","category-news-infos","entry"],"yoast_head":"<!-- This site is optimized with the Yoast SEO plugin v27.4 - https:\/\/yoast.com\/product\/yoast-seo-wordpress\/ -->\n<title>Corona, die zweite Welle - Gr\u00fcnlandstaudenhof<\/title>\n<meta name=\"description\" content=\"Nun ist sie da, die zweite COVID-19 \/ SARS-CoV-2 Welle! Aufgrund dessen haben wir die Sicherheitsma\u00dfnahmen wieder versch\u00e4rft und werden diese auf\" \/>\n<meta name=\"robots\" content=\"index, follow, max-snippet:-1, max-image-preview:large, max-video-preview:-1\" \/>\n<link rel=\"canonical\" href=\"https:\/\/www.gruenlandstaudenhof.de\/cms2\/news-infos\/corona-die-zweite-welle\/\" \/>\n<meta property=\"og:locale\" content=\"de_DE\" \/>\n<meta property=\"og:type\" content=\"article\" \/>\n<meta property=\"og:title\" content=\"Corona, die zweite Welle - Gr\u00fcnlandstaudenhof\" \/>\n<meta property=\"og:description\" content=\"Nun ist sie da, die zweite COVID-19 \/ SARS-CoV-2 Welle! Aufgrund dessen haben wir die Sicherheitsma\u00dfnahmen wieder versch\u00e4rft und werden diese auf\" \/>\n<meta property=\"og:url\" content=\"https:\/\/www.gruenlandstaudenhof.de\/cms2\/news-infos\/corona-die-zweite-welle\/\" \/>\n<meta property=\"og:site_name\" content=\"Gr\u00fcnlandstaudenhof\" \/>\n<meta property=\"article:publisher\" content=\"https:\/\/www.facebook.com\/gruenlandstaudenhof\" \/>\n<meta property=\"article:published_time\" content=\"2020-10-19T11:43:59+00:00\" \/>\n<meta property=\"article:modified_time\" content=\"2020-10-19T11:44:01+00:00\" \/>\n<meta property=\"og:image\" content=\"https:\/\/www.gruenlandstaudenhof.de\/cms2\/wp-content\/uploads\/2019\/01\/Logo192.png\" \/>\n\t<meta property=\"og:image:width\" content=\"192\" \/>\n\t<meta property=\"og:image:height\" content=\"192\" \/>\n\t<meta property=\"og:image:type\" content=\"image\/png\" \/>\n<meta name=\"author\" content=\"Administrator\" \/>\n<meta name=\"twitter:card\" content=\"summary_large_image\" \/>\n<meta name=\"twitter:creator\" content=\"@GSH_Oberhausen\" \/>\n<meta name=\"twitter:site\" content=\"@GSH_Oberhausen\" \/>\n<meta name=\"twitter:label1\" content=\"Verfasst von\" \/>\n\t<meta name=\"twitter:data1\" content=\"Administrator\" \/>\n<!-- \/ Yoast SEO plugin. -->","yoast_head_json":{"title":"Corona, die zweite Welle - Gr\u00fcnlandstaudenhof","description":"Nun ist sie da, die zweite COVID-19 \/ SARS-CoV-2 Welle! Aufgrund dessen haben wir die Sicherheitsma\u00dfnahmen wieder versch\u00e4rft und werden diese auf","robots":{"index":"index","follow":"follow","max-snippet":"max-snippet:-1","max-image-preview":"max-image-preview:large","max-video-preview":"max-video-preview:-1"},"canonical":"https:\/\/www.gruenlandstaudenhof.de\/cms2\/news-infos\/corona-die-zweite-welle\/","og_locale":"de_DE","og_type":"article","og_title":"Corona, die zweite Welle - Gr\u00fcnlandstaudenhof","og_description":"Nun ist sie da, die zweite COVID-19 \/ SARS-CoV-2 Welle! Aufgrund dessen haben wir die Sicherheitsma\u00dfnahmen wieder versch\u00e4rft und werden diese auf","og_url":"https:\/\/www.gruenlandstaudenhof.de\/cms2\/news-infos\/corona-die-zweite-welle\/","og_site_name":"Gr\u00fcnlandstaudenhof","article_publisher":"https:\/\/www.facebook.com\/gruenlandstaudenhof","article_published_time":"2020-10-19T11:43:59+00:00","article_modified_time":"2020-10-19T11:44:01+00:00","og_image":[{"width":192,"height":192,"url":"https:\/\/www.gruenlandstaudenhof.de\/cms2\/wp-content\/uploads\/2019\/01\/Logo192.png","type":"image\/png"}],"author":"Administrator","twitter_card":"summary_large_image","twitter_creator":"@GSH_Oberhausen","twitter_site":"@GSH_Oberhausen","twitter_misc":{"Verfasst von":"Administrator"},"schema":{"@context":"https:\/\/schema.org","@graph":[{"@type":"Article","@id":"https:\/\/www.gruenlandstaudenhof.de\/cms2\/news-infos\/corona-die-zweite-welle\/#article","isPartOf":{"@id":"https:\/\/www.gruenlandstaudenhof.de\/cms2\/news-infos\/corona-die-zweite-welle\/"},"author":{"name":"Administrator","@id":"https:\/\/www.gruenlandstaudenhof.de\/cms2\/#\/schema\/person\/5ddb7b7caf3cb3446b4b3c35e2724a03"},"headline":"Corona, die zweite Welle","datePublished":"2020-10-19T11:43:59+00:00","dateModified":"2020-10-19T11:44:01+00:00","mainEntityOfPage":{"@id":"https:\/\/www.gruenlandstaudenhof.de\/cms2\/news-infos\/corona-die-zweite-welle\/"},"wordCount":70,"commentCount":0,"publisher":{"@id":"https:\/\/www.gruenlandstaudenhof.de\/cms2\/#organization"},"articleSection":["News &amp; Infos"],"inLanguage":"de","potentialAction":[{"@type":"CommentAction","name":"Comment","target":["https:\/\/www.gruenlandstaudenhof.de\/cms2\/news-infos\/corona-die-zweite-welle\/#respond"]}]},{"@type":"WebPage","@id":"https:\/\/www.gruenlandstaudenhof.de\/cms2\/news-infos\/corona-die-zweite-welle\/","url":"https:\/\/www.gruenlandstaudenhof.de\/cms2\/news-infos\/corona-die-zweite-welle\/","name":"Corona, die zweite Welle - Gr\u00fcnlandstaudenhof","isPartOf":{"@id":"https:\/\/www.gruenlandstaudenhof.de\/cms2\/#website"},"datePublished":"2020-10-19T11:43:59+00:00","dateModified":"2020-10-19T11:44:01+00:00","description":"Nun ist sie da, die zweite COVID-19 \/ SARS-CoV-2 Welle! Aufgrund dessen haben wir die Sicherheitsma\u00dfnahmen wieder versch\u00e4rft und werden diese auf","breadcrumb":{"@id":"https:\/\/www.gruenlandstaudenhof.de\/cms2\/news-infos\/corona-die-zweite-welle\/#breadcrumb"},"inLanguage":"de","potentialAction":[{"@type":"ReadAction","target":["https:\/\/www.gruenlandstaudenhof.de\/cms2\/news-infos\/corona-die-zweite-welle\/"]}]},{"@type":"BreadcrumbList","@id":"https:\/\/www.gruenlandstaudenhof.de\/cms2\/news-infos\/corona-die-zweite-welle\/#breadcrumb","itemListElement":[{"@type":"ListItem","position":1,"name":"Startseite","item":"https:\/\/www.gruenlandstaudenhof.de\/cms2\/"},{"@type":"ListItem","position":2,"name":"Corona, die zweite Welle"}]},{"@type":"WebSite","@id":"https:\/\/www.gruenlandstaudenhof.de\/cms2\/#website","url":"https:\/\/www.gruenlandstaudenhof.de\/cms2\/","name":"Gr\u00fcnlandstaudenhof","description":"Landwirtschaft, Gartenbau, Landhandel","publisher":{"@id":"https:\/\/www.gruenlandstaudenhof.de\/cms2\/#organization"},"potentialAction":[{"@type":"SearchAction","target":{"@type":"EntryPoint","urlTemplate":"https:\/\/www.gruenlandstaudenhof.de\/cms2\/?s={search_term_string}"},"query-input":{"@type":"PropertyValueSpecification","valueRequired":true,"valueName":"search_term_string"}}],"inLanguage":"de"},{"@type":"Organization","@id":"https:\/\/www.gruenlandstaudenhof.de\/cms2\/#organization","name":"Gr\u00fcnlandstaudenhof","url":"https:\/\/www.gruenlandstaudenhof.de\/cms2\/","logo":{"@type":"ImageObject","inLanguage":"de","@id":"https:\/\/www.gruenlandstaudenhof.de\/cms2\/#\/schema\/logo\/image\/","url":"https:\/\/www.gruenlandstaudenhof.de\/cms2\/wp-content\/uploads\/2016\/03\/logo_briefkopf_OT.png","contentUrl":"https:\/\/www.gruenlandstaudenhof.de\/cms2\/wp-content\/uploads\/2016\/03\/logo_briefkopf_OT.png","width":504,"height":504,"caption":"Gr\u00fcnlandstaudenhof"},"image":{"@id":"https:\/\/www.gruenlandstaudenhof.de\/cms2\/#\/schema\/logo\/image\/"},"sameAs":["https:\/\/www.facebook.com\/gruenlandstaudenhof","https:\/\/x.com\/GSH_Oberhausen","https:\/\/www.instagram.com\/gruenlandstaudenhof\/"]},{"@type":"Person","@id":"https:\/\/www.gruenlandstaudenhof.de\/cms2\/#\/schema\/person\/5ddb7b7caf3cb3446b4b3c35e2724a03","name":"Administrator"}]}},"uagb_featured_image_src":{"full":false,"thumbnail":false,"medium":false,"medium_large":false,"large":false,"1536x1536":false,"2048x2048":false,"ocean-thumb-m":false,"ocean-thumb-ml":false,"ocean-thumb-l":false},"uagb_author_info":{"display_name":"Administrator","author_link":"https:\/\/www.gruenlandstaudenhof.de\/cms2\/author\/administrator\/"},"uagb_comment_info":0,"uagb_excerpt":"Nun ist sie da, die zweite COVID-19 \/ SARS-CoV-2 Welle! Aufgrund dessen haben wir die Sicherheitsma\u00dfnahmen wieder versch\u00e4rft und werden diese auf unbestimmte Zeit aufrecht erhalten. Wir bitten Sie daher um Verst\u00e4ndnis, wenn Ihre Bestellung etwas l\u00e4nger dauert oder unser Service nur eingeschr\u00e4nkt zu Verf\u00fcgung steht. Wir werden Sie hier regelm\u00e4\u00dfig informieren. Hier finden Sie&hellip;","_links":{"self":[{"href":"https:\/\/www.gruenlandstaudenhof.de\/cms2\/wp-json\/wp\/v2\/posts\/2512","targetHints":{"allow":["GET"]}}],"collection":[{"href":"https:\/\/www.gruenlandstaudenhof.de\/cms2\/wp-json\/wp\/v2\/posts"}],"about":[{"href":"https:\/\/www.gruenlandstaudenhof.de\/cms2\/wp-json\/wp\/v2\/types\/post"}],"author":[{"embeddable":true,"href":"https:\/\/www.gruenlandstaudenhof.de\/cms2\/wp-json\/wp\/v2\/users\/1"}],"replies":[{"embeddable":true,"href":"https:\/\/www.gruenlandstaudenhof.de\/cms2\/wp-json\/wp\/v2\/comments?post=2512"}],"version-history":[{"count":0,"href":"https:\/\/www.gruenlandstaudenhof.de\/cms2\/wp-json\/wp\/v2\/posts\/2512\/revisions"}],"wp:attachment":[{"href":"https:\/\/www.gruenlandstaudenhof.de\/cms2\/wp-json\/wp\/v2\/media?parent=2512"}],"wp:term":[{"taxonomy":"category","embeddable":true,"href":"https:\/\/www.gruenlandstaudenhof.de\/cms2\/wp-json\/wp\/v2\/categories?post=2512"},{"taxonomy":"post_tag","embeddable":true,"href":"https:\/\/www.gruenlandstaudenhof.de\/cms2\/wp-json\/wp\/v2\/tags?post=2512"}],"curies":[{"name":"wp","href":"https:\/\/api.w.org\/{rel}","templated":true}]}}