{"id":3867,"date":"2023-02-01T11:21:31","date_gmt":"2023-02-01T10:21:31","guid":{"rendered":"https:\/\/www.gruenlandstaudenhof.de\/cms2\/?p=3867"},"modified":"2023-02-01T11:21:36","modified_gmt":"2023-02-01T10:21:36","slug":"gartenarbeiten-im-februar","status":"publish","type":"post","link":"https:\/\/www.gruenlandstaudenhof.de\/cms2\/ratgeber\/gartenarbeiten-im-februar\/","title":{"rendered":"Gartenarbeiten im Februar"},"content":{"rendered":"\n<p>Der Februar ist da! Und damit n\u00e4hern wir uns den n\u00e4chsten Schritt Richtung Fr\u00fchling. <\/p>\n\n\n\n<p>Wir hoffen Sie sind gut ins neue Jahr gestartet und hatten einen angenehmen ersten Monat des Jahres.<\/p>\n\n\n\n<p>Nur weil jetzt noch Winter ist, hei\u00dft es nicht, es gibt nichts zu tun. Ihr Garten und Ihre Pflanzen m\u00f6gen wirken als wenn sie schlafen, doch das leben kommt langsam Schritt f\u00fcr Schritt zur\u00fcck.<\/p>\n\n\n\n<p>Nachdem wir uns im letzten Artikel <a href=\"https:\/\/www.gruenlandstaudenhof.de\/cms2\/ratgeber\/gartenarbeiten-im-januar\/\">Gartenarbeiten im Januar<\/a> eher mit der Planung unseres Gartens besch\u00e4ftigt und bereits einige Vorr\u00e4te zum Loslegen wieder aufgef\u00fcllt haben, k\u00f6nnen wir uns nun langsam, aber sicher wieder \u201ehandfest\u201c mit dem Auss\u00e4en, Pflanzen aber auch Pflegen unseres Garten oder G\u00e4rtchens besch\u00e4ftigen.<\/p>\n\n\n\n<h2 class=\"wp-block-heading\" id=\"was-gibt-es-im-februar-an-gartenarbeiten-zu-tun\">Was gibt es im Februar an Gartenarbeiten zu tun?<\/h2>\n\n\n\n<p>Nebst Routinearbeiten wie dem Entfernen von verbl\u00fchten Bl\u00fcten Ihrer Winterbl\u00fcher oder dem Gie\u00dfen bzw. Pflegen Ihrer K\u00fcbelpflanzen, eignet sich der Februar auch bestens dazu, die ersten Pflanzen zur\u00fcckzuschneiden.<\/p>\n\n\n\n<h2 class=\"wp-block-heading\" id=\"fruhjahrsschnitt-von-rosen\">Fr\u00fchjahrsschnitt von Rosen<\/h2>\n\n\n\n<p>Rosen k\u00f6nnen an frostfreien, sonnigen Tagen ab Mitte Februar zur\u00fcckgeschnitten werden. Auf was es hierbei besonders zu Achten gilt sowie weitere Informationen zur sogenannten \u201eK\u00f6nigin der Blumen\u201c finden Sie in unserem <a href=\"https:\/\/www.gruenlandstaudenhof.de\/cms2\/ratgeber\/ratgeber-rosen\/\">Ratgeber: Rosen<\/a>.<\/p>\n\n\n\n<h2 class=\"wp-block-heading\" id=\"fruhjahrsschnitt-von-geranien\">Fr\u00fchjahrsschnitt von Geranien<\/h2>\n\n\n\n<p>Geranien, die Sie drinnen \u00fcberwintert haben, sollten Sie nun im Februar zur\u00fcckschneiden und umtopfen. Diese werden es Ihnen Danken!<\/p>\n\n\n\n<p>W\u00e4hrend des Winters sind die Geranien weitergewachsen und haben nebst Bl\u00e4ttern und Bl\u00fcten, auch d\u00fcnne, lange Austriebe entwickelt, die sogenannten Geiltriebe. Diese werden im Sommer nicht bl\u00fchen, da Sie \u00fcber den Winter zu wenig Licht und N\u00e4hrstoffe aufnehmen konnten. Diese abzuschneiden, regt die Pflanze dazu an, kr\u00e4ftigere Sprossen zu bilden.<\/p>\n\n\n\n<p>Die Gr\u00f6\u00dfe des Fr\u00fchjahrsr\u00fcckschnitts h\u00e4ngt auch davon ab, wie stark der Schnitt im Herbst war.<\/p>\n\n\n\n<p>Grunds\u00e4tzlich kann man sagen, dass die Geranien bis auf vier Knospen zur\u00fcckgeschnitten werden und kranke sowie welke Pflanzenteile entfernt werden sollten.<\/p>\n\n\n\n<p>Wenn Sie Ihre Geranien nun gleich noch in neue Pflanzerde topfen, sind diese auch schon bereit f\u00fcr die n\u00e4chste Gartensaison. Bis dahin, bleiben Sie aber noch in ihrer Winterunterkunft.<\/p>\n\n\n\n<p><strong>Tipp:<\/strong> Wenn im Sommer bl\u00fchschwache Triebe oder Krankheiten auftreten, k\u00f6nnen Sie Ihre Geranien ebenfalls schneiden.<\/p>\n\n\n\n<h2 class=\"wp-block-heading\" id=\"fruhjahrsschnitt-von-hortensien\">Fr\u00fchjahrsschnitt von Hortensien<\/h2>\n\n\n\n<p>Der R\u00fcckschnitt bei Hortensien muss etwas bedachter erfolgen, denn dieser unterscheidet sich je nach Sorte bzw. Gruppe in seiner Intensit\u00e4t.<\/p>\n\n\n\n<p>Grunds\u00e4tzlich unterscheidet man zwei Gruppen.<\/p>\n\n\n\n<p>Gruppe A: Hortensien dieser Gruppe bilden den Austrieb f\u00fcr das neue Gartenjahr bereits im Vorjahr aus. Hier sollte im Fr\u00fchjahr nur ein leichter R\u00fcckschnitt erfolgen. Dies meint Bl\u00fctenreste sowie verk\u00fcmmerte und alte \u00c4ste entfernen, jedoch nat\u00fcrlich solche mit bereits ausgebildeten Knospen bleiben bestehen.<\/p>\n\n\n\n<p>Dazu geh\u00f6ren:<\/p>\n\n\n\n<ul class=\"wp-block-list\">\n<li>Gartenhortensien<\/li>\n\n\n\n<li>Bauernhortensien<\/li>\n\n\n\n<li>Fellhortensien<\/li>\n\n\n\n<li>Samthortensien<\/li>\n\n\n\n<li>Tellerhortensien<\/li>\n\n\n\n<li>Eichenblatthortensien<\/li>\n<\/ul>\n\n\n\n<p>Gruppe B: Dieser Gruppe geh\u00f6ren diejenigen Hortensiensorten an, welche ihren Austrieb erst im Jahr der Bl\u00fcte ausbilden. Diese Sorten vertragen einen deutlich st\u00e4rkeren R\u00fcckschnitt. Das bedeutet, dass nach dem Schnitt nur kurze Triebe von etwa 10 \u2013 15cm sowie ein Knospenpaar \u00fcbrigbleiben.<\/p>\n\n\n\n<p>Zu dieser Gruppe geh\u00f6ren:<\/p>\n\n\n\n<ul class=\"wp-block-list\">\n<li>Rispenhortensie<\/li>\n\n\n\n<li>Waldhortensien<\/li>\n\n\n\n<li>Schneeballhortensien<\/li>\n<\/ul>\n\n\n\n<h2 class=\"wp-block-heading\" id=\"weitere-gartenarbeiten\">Weitere Gartenarbeiten<\/h2>\n\n\n\n<p>Im Folgenden finden Sie weitere m\u00f6gliche Gartenarbeiten f\u00fcr den Monat Februar<\/p>\n\n\n\n<ul class=\"wp-block-list\">\n<li>Kompost l\u00fcften<\/li>\n\n\n\n<li>Beete lockern<\/li>\n\n\n\n<li>Immergr\u00fcne Pflanzen gie\u00dfen<\/li>\n\n\n\n<li>Ziergr\u00e4ser zur\u00fcckschneiden, um Platz f\u00fcr neue Triebe zu schaffen<\/li>\n\n\n\n<li>Obstb\u00e4ume schneiden und dabei \u00abFruchtmumien\u00bb (alte eingetrocknete Fr\u00fcchte) sowie jegliches Fallobst entfernen nicht vergessen.<\/li>\n<\/ul>\n\n\n\n<p>Wenn die Sonne wieder intensiver wird und zur Arbeit im Freien einl\u00e4dt kann es sich auch lohnen bereits auf dem Balkon (-garten) zum rechten zu sehen.<\/p>\n\n\n\n<ul class=\"wp-block-list\">\n<li>Laub entfernen (manchmal landet ja leider auch fremdes Pflanzenmaterial auf dem eigenen Balkon )<\/li>\n\n\n\n<li>Balkonm\u00f6bel grob reinigen, ggf. auf Funktion pr\u00fcfen.<\/li>\n\n\n\n<li>Dekoration\/ Sichtschutz pr\u00fcfen. H\u00e4lt alles noch wies soll? M\u00f6chte ich ggf. etwas ver\u00e4ndern?<\/li>\n<\/ul>\n\n\n\n<p>Um nur einige Vorschl\u00e4ge anzubieten. Sollte Ihnen dies noch zu fr\u00fch sein, k\u00f6nnen Sie selbstverst\u00e4ndlich auch auf den obligaten \u201eFr\u00fchjahrsputz\u201c warten, der dann bestimmt auch vor Ihrem Balkon nicht Halt machen wird.<\/p>\n\n\n\n<h2 class=\"wp-block-heading\" id=\"was-konnen-wir-im-februar-saen-bzw-pflanzen\">Was k\u00f6nnen wir im Februar s\u00e4en bzw. pflanzen?<\/h2>\n\n\n\n<p>Tats\u00e4chlich k\u00f6nnen wir schon im Februar bereits die ersten Pflanzen, Blumen und sogar Kr\u00e4uter kultivieren. Einige davon als Vorzucht auf der Fensterbank oder unter Glas drau\u00dfen, manches aber auch schon direkt.<\/p>\n\n\n\n<p>Wie wir selbst Anzuchtschalen aus Zeitungspapier herstellen k\u00f6nnen, haben wir Ihnen in dieser Anleitung beschrieben<\/p>\n\n\n<p><a  data-e-Disable-Page-Transition=\"true\" class=\"download-link\" title=\"\" href=\"https:\/\/www.gruenlandstaudenhof.de\/cms2\/download-dm\/3716\/?tmstv=1777499976\" rel=\"nofollow\" id=\"download-link-3716\" data-redirect=\"false\" ><br \/>\n\tAnzuchtanleitung<\/a><\/p>\n\n\n\n<p>\u00dcbrigens! Auch die Anzuchtschalen aus dem letzten Artikel <a href=\"https:\/\/www.gruenlandstaudenhof.de\/cms2\/ratgeber\/gartenarbeiten-im-januar\/\">Gartenarbeiten im Januar<\/a> wurden selbstverst\u00e4ndlich verwendet. Wir haben Tomatensamen gesetzt. Nat\u00fcrlich ist es noch etwas fr\u00fch f\u00fcr die Tomaten Pfl\u00e4nzchen drau\u00dfen. Wir ziehen diese jedoch auf der Fensterbank vor und sp\u00e4ter in der Wohnung etwas gr\u00f6\u00dfer, damit zur gegebenen Zeit bereits starke Tomatenpflanzen in den Topf ins Freie umgesetzt werden k\u00f6nnen. Was bereits daraus wurde zeigen Ihnen die folgenden Impressionen:<\/p>\n\n\n\n<p>Wie Sie sehen k\u00f6nnen, funktionieren unsere Anzuchtt\u00f6pfchen aus Zeitungspapier tiptop:<\/p>\n\n\n<div class=\"wp-block-image\">\n<figure class=\"aligncenter size-medium\"><img loading=\"lazy\" decoding=\"async\" width=\"225\" height=\"300\" src=\"https:\/\/www.gruenlandstaudenhof.de\/cms2\/wp-content\/uploads\/2022\/02\/Garten-im-Feb-Abb1-225x300.png\" alt=\"\" class=\"wp-image-3868\" srcset=\"https:\/\/www.gruenlandstaudenhof.de\/cms2\/wp-content\/uploads\/2022\/02\/Garten-im-Feb-Abb1-225x300.png 225w, https:\/\/www.gruenlandstaudenhof.de\/cms2\/wp-content\/uploads\/2022\/02\/Garten-im-Feb-Abb1.png 650w\" sizes=\"auto, (max-width: 225px) 100vw, 225px\" \/><figcaption class=\"wp-element-caption\">Abbildung 1<\/figcaption><\/figure>\n<\/div>\n\n\n<p>Im linken Anzuchtt\u00f6pfchen sind Paprika Samen. Die ben\u00f6tigen noch etwas Zeit. Wir fahren daher mit unseren Tomaten weiter f\u00fcr den Moment,<\/p>\n\n\n<div class=\"wp-block-image\">\n<figure class=\"aligncenter size-medium\"><img loading=\"lazy\" decoding=\"async\" width=\"270\" height=\"300\" src=\"https:\/\/www.gruenlandstaudenhof.de\/cms2\/wp-content\/uploads\/2022\/02\/Garten-im-Feb-Abb2-2-270x300.png\" alt=\"\" class=\"wp-image-3871\" srcset=\"https:\/\/www.gruenlandstaudenhof.de\/cms2\/wp-content\/uploads\/2022\/02\/Garten-im-Feb-Abb2-2-270x300.png 270w, https:\/\/www.gruenlandstaudenhof.de\/cms2\/wp-content\/uploads\/2022\/02\/Garten-im-Feb-Abb2-2-768x853.png 768w, https:\/\/www.gruenlandstaudenhof.de\/cms2\/wp-content\/uploads\/2022\/02\/Garten-im-Feb-Abb2-2.png 780w\" sizes=\"auto, (max-width: 270px) 100vw, 270px\" \/><figcaption class=\"wp-element-caption\"> Abbildung 2<\/figcaption><\/figure>\n<\/div>\n\n\n<p>Die Pfl\u00e4nzchen k\u00f6nnen wie in unserem letzten Blogbeitrag dieser Reihe erw\u00e4hnt, mit dem Zeitungspapier in einen passenden Topf gepflanzt werden.<\/p>\n\n\n\n<p>Wir haben dazu einen kleinen Erdboden in den Topf gegeben:<\/p>\n\n\n<div class=\"wp-block-image\">\n<figure class=\"aligncenter size-full\"><img loading=\"lazy\" decoding=\"async\" width=\"180\" height=\"195\" src=\"https:\/\/www.gruenlandstaudenhof.de\/cms2\/wp-content\/uploads\/2022\/02\/Garten-im-Feb-Abb3.png\" alt=\"\" class=\"wp-image-3872\"\/><figcaption class=\"wp-element-caption\">Abbildung 3<\/figcaption><\/figure>\n<\/div>\n\n\n<p>Unser Zeitungspapiert\u00f6pfchen mit den Pflanzen stellen wir darauf:<\/p>\n\n\n<div class=\"wp-block-image\">\n<figure class=\"aligncenter size-full\"><img loading=\"lazy\" decoding=\"async\" width=\"249\" height=\"201\" src=\"https:\/\/www.gruenlandstaudenhof.de\/cms2\/wp-content\/uploads\/2022\/02\/Garten-im-Feb-Abb4.png\" alt=\"\" class=\"wp-image-3873\"\/><figcaption class=\"wp-element-caption\">Abbildung 4<\/figcaption><\/figure>\n<\/div>\n\n\n<p>Zwischendurch die Erde etwas andr\u00fccken:<\/p>\n\n\n<div class=\"wp-block-image\">\n<figure class=\"aligncenter size-full\"><img loading=\"lazy\" decoding=\"async\" width=\"160\" height=\"197\" src=\"https:\/\/www.gruenlandstaudenhof.de\/cms2\/wp-content\/uploads\/2022\/02\/Garten-im-Feb-Abb5.png\" alt=\"\" class=\"wp-image-3874\"\/><figcaption class=\"wp-element-caption\">Abbildung 5<\/figcaption><\/figure>\n<\/div>\n\n\n<p>Wenn die Pflanzen noch so klein sind, verwenden wir Spr\u00fchflaschen, um die Pflanzen zu w\u00e4ssern, sollten Sie keine Spr\u00fchflasche zur Hand haben, k\u00f6nnen Sie selbstverst\u00e4ndlich auch vorsichtig konventionell gie\u00dfen:<\/p>\n\n\n<div class=\"wp-block-image\">\n<figure class=\"aligncenter size-full\"><img loading=\"lazy\" decoding=\"async\" width=\"295\" height=\"202\" src=\"https:\/\/www.gruenlandstaudenhof.de\/cms2\/wp-content\/uploads\/2022\/02\/Garten-im-Feb-Abb6.png\" alt=\"\" class=\"wp-image-3875\"\/><figcaption class=\"wp-element-caption\">Abbildung 6<\/figcaption><\/figure>\n<\/div>\n\n\n<p>Auch hierbei ist darauf zu achten, dass sich keine Staun\u00e4sse bildet. Dies w\u00fcrde zum Verfaulen der Pfl\u00e4nzchen f\u00fchren und Ihre Bem\u00fchungen zunichte machen.<\/p>\n\n\n\n<p><strong>TIPP:<\/strong> Es muss keine \u201eprofessionelle\u201c Spr\u00fchflasche aus dem Gartencenter sein. Sie k\u00f6nnen auch einfach eine alte Spr\u00fchflasche, beispielsweise von Fensterputzmittel, sehr gut aussp\u00fclen und durchsp\u00fclen, wenn sie leer ist und dann mit Wasser f\u00fcllen. Fertig ist Ihr Zerst\u00e4uber f\u00fcr kleinere Pfl\u00e4nzchen.<\/p>\n\n\n<div class=\"wp-block-image\">\n<figure class=\"aligncenter size-medium\"><img loading=\"lazy\" decoding=\"async\" width=\"228\" height=\"300\" src=\"https:\/\/www.gruenlandstaudenhof.de\/cms2\/wp-content\/uploads\/2022\/02\/Garten-im-Feb-Abb7-228x300.png\" alt=\"\" class=\"wp-image-3876\" srcset=\"https:\/\/www.gruenlandstaudenhof.de\/cms2\/wp-content\/uploads\/2022\/02\/Garten-im-Feb-Abb7-228x300.png 228w, https:\/\/www.gruenlandstaudenhof.de\/cms2\/wp-content\/uploads\/2022\/02\/Garten-im-Feb-Abb7.png 658w\" sizes=\"auto, (max-width: 228px) 100vw, 228px\" \/><figcaption class=\"wp-element-caption\">Abbildung 7<\/figcaption><\/figure>\n<\/div>\n\n\n<p>Nach einigen Tagen haben sich die Pfl\u00e4nzchen \u201eakklimatisiert\u201c und selbst das zweite von beiden, welches im oberen Foto schon sehr ramponiert aussah, hat sich wieder erholt. Auch aus diesem Pfl\u00e4nzchen kann daraus eine gut best\u00fcckte Tomatenpflanze werden.<\/p>\n\n\n\n<div class=\"wp-block-columns is-layout-flex wp-container-core-columns-is-layout-9d6595d7 wp-block-columns-is-layout-flex\">\n<div class=\"wp-block-column is-layout-flow wp-block-column-is-layout-flow\"><div class=\"wp-block-image\">\n<figure class=\"aligncenter size-medium\"><img loading=\"lazy\" decoding=\"async\" width=\"225\" height=\"300\" src=\"https:\/\/www.gruenlandstaudenhof.de\/cms2\/wp-content\/uploads\/2022\/02\/Garten-im-Feb-Abb8-225x300.png\" alt=\"\" class=\"wp-image-3877\" srcset=\"https:\/\/www.gruenlandstaudenhof.de\/cms2\/wp-content\/uploads\/2022\/02\/Garten-im-Feb-Abb8-225x300.png 225w, https:\/\/www.gruenlandstaudenhof.de\/cms2\/wp-content\/uploads\/2022\/02\/Garten-im-Feb-Abb8.png 650w\" sizes=\"auto, (max-width: 225px) 100vw, 225px\" \/><figcaption class=\"wp-element-caption\">Abbildung 8<\/figcaption><\/figure>\n<\/div><\/div>\n\n\n\n<div class=\"wp-block-column is-layout-flow wp-block-column-is-layout-flow\"><div class=\"wp-block-image\">\n<figure class=\"aligncenter size-medium\"><img loading=\"lazy\" decoding=\"async\" width=\"225\" height=\"300\" src=\"https:\/\/www.gruenlandstaudenhof.de\/cms2\/wp-content\/uploads\/2022\/02\/Garten-im-Feb-Abb9-225x300.png\" alt=\"\" class=\"wp-image-3878\" srcset=\"https:\/\/www.gruenlandstaudenhof.de\/cms2\/wp-content\/uploads\/2022\/02\/Garten-im-Feb-Abb9-225x300.png 225w, https:\/\/www.gruenlandstaudenhof.de\/cms2\/wp-content\/uploads\/2022\/02\/Garten-im-Feb-Abb9.png 650w\" sizes=\"auto, (max-width: 225px) 100vw, 225px\" \/><figcaption class=\"wp-element-caption\">Abbildung 9<\/figcaption><\/figure>\n<\/div><\/div>\n<\/div>\n\n\n\n<p>Es bleibt auf jeden Fall spannend! Wir halten Sie auf dem Laufenden.<\/p>\n\n\n\n<h2 class=\"wp-block-heading\" id=\"was-kann-im-februar-bereits-vorgezogen-werden\">Was kann im Februar bereits vorgezogen werden?<\/h2>\n\n\n\n<p>Es gibt einige Gem\u00fcsesorten, die Sie bereits vorziehen k\u00f6nnen im Februar. Dazu geh\u00f6ren unter anderem:<\/p>\n\n\n\n<ul class=\"wp-block-list\">\n<li>Auberginen<br>unbedingt auf ausreichende W\u00e4rme bei der Vorzucht achten.<\/li>\n<\/ul>\n\n\n\n<ul class=\"wp-block-list\">\n<li>Chili<br>K\u00f6nnen ganz einfach aus eigenen Samen gezogen werden. Auf der Fensterbank kann damit bereits Ende Januar bzw. Anfang Februar angefangen werden. Nach den letzten Fr\u00f6sten gegen Mitte\/Ende Mai k\u00f6nnen Sie ihre selbstgezogene Chilipflanze ins Freie pflanzen.<br>Tipp: Pflanzen Sie ihre Chilis als Gruppe. Wenn Sie dabei verschiedene Sorten mischen, ergeben sich aus den unterschiedlichen Chilischoten ein sch\u00f6nes Bild.<\/li>\n<\/ul>\n\n\n\n<ul class=\"wp-block-list\">\n<li>Verschiedene Salate (Kopfsalat, Eisbergsalat), Kohlrabi, Rettich<br>Ab Ende Februar k\u00f6nnen Sie Kohlrabi, Rettich, Kopf- und Eisbergsalat ins unbeheizte Gew\u00e4chshaus pflanzen. Ab Mitte bis Ende April sollten Sie dann die ersten Gem\u00fcse ernten k\u00f6nnen<\/li>\n<\/ul>\n\n\n\n<ul class=\"wp-block-list\">\n<li>Fr\u00fchlingszwiebeln<br>F\u00fcr eine sehr fr\u00fche Ernte k\u00f6nnen die S\u00e4mlinge bereits jetzt auf der Fensterbank vorgezogen werden. Nach einer Anzuchtdauer von etwa vier Wochen k\u00f6nnen sie die ins Beet gepflanzt werden<\/li>\n<\/ul>\n\n\n\n<ul class=\"wp-block-list\">\n<li>Knollensellerie<br>Da Sellerie ca. acht Wochen f\u00fcr die Vorkultur ben\u00f6tigt, sollten Sie auch hiermit bereits im Februar beginnen.<\/li>\n<\/ul>\n\n\n\n<ul class=\"wp-block-list\">\n<li>Verschiedene Kohlsorten (Blumenkohl, Brokkoli, Rotkohl etc.)<br>Die Freilandaussaat von Kohl beginnt im April. Wenn Sie jedoch schon fr\u00fch Kohl ernten m\u00f6chten, ziehen Sie fr\u00fche Sorten bis M\u00e4rz bei 15-18\u00b0C im Zimmer oder unter Glas vor.<\/li>\n<\/ul>\n\n\n\n<ul class=\"wp-block-list\">\n<li>Tomaten<br>Wie Chili aber auch Paprika k\u00f6nnen Sie Tomaten bereits im Februar vorziehen. Der Platz sollte dabei sehr hell sein, da sich bei zu dunklen Bedingungen ein zu langer St\u00e4ngel bildet, der dazu neigt sich zu verbiegen und nicht sonderlich robust ist.<\/li>\n<\/ul>\n\n\n\n<p>Wenn Sie im Fr\u00fchjahr nicht bereits bl\u00fchende Blumen kaufen m\u00f6chten, k\u00f6nnen Sie dieses Jahr auch ein paar aus Samen ziehen. Bartnelken, L\u00f6wenm\u00e4ulchen, Veilchen oder Margeriten beispielsweise k\u00f6nnen bereits im Februar vorgezogen werden.<\/p>\n\n\n\n<p>Vergessen d\u00fcrfen wir keinesfalls die Kr\u00e4uter. Unter diesen finden sich beispielsweise Oregano, Schnittlauch, Basilikum oder Thymian welche ebenfalls bereits im Februar vorkultiviert werden k\u00f6nnen.<\/p>\n\n\n\n<p>Wir nehmen uns \u00fcbrigens unseren eigenen Rat selbst zu Herzen \ud83d\ude42 im n\u00e4chsten Artikel sehen Sie ob unsere Fensterbrettkr\u00e4uter bereits zu sehen sind! Gerne laden wir sie dazu ein mitzumachen! Was gibt es leckereres als Frische Kr\u00e4uter in bzw. auf unsere Gerichte zu geben! Auch sind wir auf ihre Berichte sehr neugierig.<\/p>\n\n\n\n<h2 class=\"wp-block-heading\" id=\"welche-pflanzen-lassen-sich-im-februar-direkt-ins-freie-saen\">Welche Pflanzen lassen sich im Februar direkt ins Freie s\u00e4en?<\/h2>\n\n\n\n<p>Nebst fr\u00fchen Karotten- lassen sich auch gewisse Radieschensorten, aber auch Spinat bereits gut ins Freie setzen.<\/p>\n\n\n\n<p>Auch bei den Blumen finden wir bei den sogenannten Kaltkeimern einige Sorten die bereits im Februar ins Freie gesetzt werden k\u00f6nnen. Duftender Waldmeister beispielsweise oder lieber etwas Alpenfeeling mit Enzian, Alpenveilchen oder Alpenastern?<\/p>\n\n\n\n<h2 class=\"wp-block-heading\" id=\"ausblick\">Ausblick<\/h2>\n\n\n\n<p>Im n\u00e4chsten Teil \u201eGartenarbeiten im M\u00e4rz\u201c schauen wir was aus den Tomatenpflanzen wurde. Bekamen diese gen\u00fcgend Licht oder hat sich unter Umst\u00e4nden doch ein \u00fcberdimensional langer St\u00e4ngel gebildet, weil die Tomatenpflanzen zu dunkel hatten, und was machen wir dann? Wir werden sehen und freuen uns auf jeden Fall Sie auch dann wieder auf unserem Blog begr\u00fc\u00dfen zu d\u00fcrfen!<\/p>\n\n\n\n<p>Welche Gartenpl\u00e4ne haben Sie f\u00fcr diesen Monat? Berichten Sie gerne unten in unseren Kommentaren dar\u00fcber.<\/p>\n\n\n\n<p>Wir vom Gr\u00fcnlandstaudenhof w\u00fcnschen Ihnen einen gro\u00dfartigen Februar und viel Freude bei Ihren Projekten!<\/p>\n<div id=\"gruen-950292022\" class=\"gruen-footer_468x60_bottom gruen-entity-placement\"><div class=\"gruen-adlabel\">Werbung<\/div><div class=\"InPageAdContainer\">\r\n\r\n<!--\t<span class=\"InPageAdHeaderTextWERBUNG\">WERBUNG<\/span>-->\r\n\r\n\t<div style=\"display: flex; flex-direction: column; align-items: center; gap: 10px;\">\r\n\t\t<div style=\"display: inline-block; padding-top:5px;\">\r\n\t\t\t <div id=\"gruen-2573276330\"><div class=\"gruen-adlabel\">Werbung<\/div><div id=\"gruen-105000526\">        <a href=\"https:\/\/t.adcell.com\/p\/click?encodingId=420bc80f040ff81868639a36abfbd5cf\" target=\"_blank\" rel=\"nofollow sponsored noopener\">\r\n            <img src=\"https:\/\/www.gruenlandstaudenhof.de\/cms2\/wp-content\/uploads\/my-ads-cache\/b5e0d1d426a583ce81c41754687836a2.jpg\"\r\n                 alt=\"Elektroflachheizung Shop\"\r\n                 style=\"max-width:100%;height:auto;\"\r\n                width=\"728\"                height=\"90\"                 loading=\"lazy\">\r\n        <\/a>\r\n        <\/div><\/div>\r\n\t\t<\/div>\r\n\t\r\n\t\t<div style=\"display: inline-block; padding-top:5px;\">\r\n\t\t\t<div id=\"gruen-1814203311\"><div class=\"gruen-adlabel\">Werbung<\/div><div id=\"gruen-2405736087\">        <a href=\"https:\/\/t.adcell.com\/p\/click?encodingId=de2a52b4085dbb168a821529a32ee8c5\" target=\"_blank\" rel=\"nofollow sponsored noopener\">\r\n            <img src=\"https:\/\/www.gruenlandstaudenhof.de\/cms2\/wp-content\/uploads\/my-ads-cache\/15a0e1835855b8cf7dbda779840d6610.gif\"\r\n                 alt=\"horch und guck\"\r\n                 style=\"max-width:100%;height:auto;\"\r\n                width=\"728\"                height=\"90\"                 loading=\"lazy\">\r\n        <\/a>\r\n        <\/div><\/div>\r\n\t\t<\/div>\r\n\t<\/div>\r\n\t\t\r\n\t<div>\r\n\t<script data-cmp-vendor=\"755\" type=\"text\/plain\" async class=\"cmplazyload\" data-cmp-src=\"https:\/\/pagead2.googlesyndication.com\/pagead\/js\/adsbygoogle.js?client=ca-pub-4674519130717366\"\r\n     crossorigin=\"anonymous\"><\/script>\r\n\t<ins type=\"text\/plain\" class=\"adsbygoogle\"\r\n     style=\"display:block\"\r\n     data-ad-client=\"ca-pub-4674519130717366\"\r\n     data-ad-slot=\"3839778248\"\r\n     data-ad-format=\"auto\"\r\n     data-full-width-responsive=\"true\"><\/ins>\r\n\t<script type=\"text\/plain\" data-cmp-vendor=\"755\" class=\"cmplazyload\">\r\n     (adsbygoogle = window.adsbygoogle || []).push({});\r\n\t<\/script>\r\n     <\/div>\r\n\r\n\t\r\n\t\r\n\r\n<\/div>\r\n\r\n<\/div>","protected":false},"excerpt":{"rendered":"<p>Der Februar ist da! Und damit n\u00e4hern wir uns den n\u00e4chsten Schritt Richtung Fr\u00fchling. Wir hoffen Sie sind gut ins neue Jahr gestartet und hatten einen angenehmen ersten Monat des Jahres. Nur weil jetzt noch Winter ist, hei\u00dft es nicht, es gibt nichts zu tun. Ihr Garten und Ihre Pflanzen m\u00f6gen wirken als wenn sie [&hellip;]<\/p>\n","protected":false},"author":1,"featured_media":3176,"comment_status":"open","ping_status":"open","sticky":false,"template":"","format":"standard","meta":{"_uag_custom_page_level_css":"","ocean_post_layout":"","ocean_both_sidebars_style":"","ocean_both_sidebars_content_width":0,"ocean_both_sidebars_sidebars_width":0,"ocean_sidebar":"0","ocean_second_sidebar":"0","ocean_disable_margins":"enable","ocean_add_body_class":"","ocean_shortcode_before_top_bar":"","ocean_shortcode_after_top_bar":"","ocean_shortcode_before_header":"","ocean_shortcode_after_header":"","ocean_has_shortcode":"","ocean_shortcode_after_title":"","ocean_shortcode_before_footer_widgets":"","ocean_shortcode_after_footer_widgets":"","ocean_shortcode_before_footer_bottom":"","ocean_shortcode_after_footer_bottom":"","ocean_display_top_bar":"default","ocean_display_header":"default","ocean_header_style":"","ocean_center_header_left_menu":"0","ocean_custom_header_template":"0","ocean_custom_logo":0,"ocean_custom_retina_logo":0,"ocean_custom_logo_max_width":0,"ocean_custom_logo_tablet_max_width":0,"ocean_custom_logo_mobile_max_width":0,"ocean_custom_logo_max_height":0,"ocean_custom_logo_tablet_max_height":0,"ocean_custom_logo_mobile_max_height":0,"ocean_header_custom_menu":"0","ocean_menu_typo_font_family":"0","ocean_menu_typo_font_subset":"","ocean_menu_typo_font_size":0,"ocean_menu_typo_font_size_tablet":0,"ocean_menu_typo_font_size_mobile":0,"ocean_menu_typo_font_size_unit":"px","ocean_menu_typo_font_weight":"","ocean_menu_typo_font_weight_tablet":"","ocean_menu_typo_font_weight_mobile":"","ocean_menu_typo_transform":"","ocean_menu_typo_transform_tablet":"","ocean_menu_typo_transform_mobile":"","ocean_menu_typo_line_height":0,"ocean_menu_typo_line_height_tablet":0,"ocean_menu_typo_line_height_mobile":0,"ocean_menu_typo_line_height_unit":"","ocean_menu_typo_spacing":0,"ocean_menu_typo_spacing_tablet":0,"ocean_menu_typo_spacing_mobile":0,"ocean_menu_typo_spacing_unit":"","ocean_menu_link_color":"","ocean_menu_link_color_hover":"","ocean_menu_link_color_active":"","ocean_menu_link_background":"","ocean_menu_link_hover_background":"","ocean_menu_link_active_background":"","ocean_menu_social_links_bg":"","ocean_menu_social_hover_links_bg":"","ocean_menu_social_links_color":"","ocean_menu_social_hover_links_color":"","ocean_disable_title":"default","ocean_disable_heading":"default","ocean_post_title":"","ocean_post_subheading":"","ocean_post_title_style":"","ocean_post_title_background_color":"","ocean_post_title_background":0,"ocean_post_title_bg_image_position":"","ocean_post_title_bg_image_attachment":"","ocean_post_title_bg_image_repeat":"","ocean_post_title_bg_image_size":"","ocean_post_title_height":0,"ocean_post_title_bg_overlay":0.5,"ocean_post_title_bg_overlay_color":"","ocean_disable_breadcrumbs":"default","ocean_breadcrumbs_color":"","ocean_breadcrumbs_separator_color":"","ocean_breadcrumbs_links_color":"","ocean_breadcrumbs_links_hover_color":"","ocean_display_footer_widgets":"default","ocean_display_footer_bottom":"default","ocean_custom_footer_template":"0","ocean_post_oembed":"","ocean_post_self_hosted_media":"","ocean_post_video_embed":"","ocean_link_format":"","ocean_link_format_target":"self","ocean_quote_format":"","ocean_quote_format_link":"post","ocean_gallery_link_images":"off","ocean_gallery_id":[],"footnotes":""},"categories":[149],"tags":[496,11,127,73],"class_list":["post-3867","post","type-post","status-publish","format-standard","has-post-thumbnail","hentry","category-ratgeber","tag-februar","tag-garten","tag-ratgeber","tag-winter","entry","has-media"],"yoast_head":"<!-- This site is optimized with the Yoast SEO plugin v27.4 - https:\/\/yoast.com\/product\/yoast-seo-wordpress\/ -->\n<title>Gartenarbeiten im Februar - Gr\u00fcnlandstaudenhof<\/title>\n<meta name=\"description\" content=\"Der Februar ist da! Und damit n\u00e4hern wir uns den n\u00e4chsten Schritt Richtung Fr\u00fchling. Wir hoffen Sie sind gut ins neue Jahr gestartet und hatten einen\" \/>\n<meta name=\"robots\" content=\"index, follow, max-snippet:-1, max-image-preview:large, max-video-preview:-1\" \/>\n<link rel=\"canonical\" href=\"https:\/\/www.gruenlandstaudenhof.de\/cms2\/ratgeber\/gartenarbeiten-im-februar\/\" \/>\n<meta property=\"og:locale\" content=\"de_DE\" \/>\n<meta property=\"og:type\" content=\"article\" \/>\n<meta property=\"og:title\" content=\"Gartenarbeiten im Februar - Gr\u00fcnlandstaudenhof\" \/>\n<meta property=\"og:description\" content=\"Der Februar ist da! Und damit n\u00e4hern wir uns den n\u00e4chsten Schritt Richtung Fr\u00fchling. Wir hoffen Sie sind gut ins neue Jahr gestartet und hatten einen\" \/>\n<meta property=\"og:url\" content=\"https:\/\/www.gruenlandstaudenhof.de\/cms2\/ratgeber\/gartenarbeiten-im-februar\/\" \/>\n<meta property=\"og:site_name\" content=\"Gr\u00fcnlandstaudenhof\" \/>\n<meta property=\"article:publisher\" content=\"https:\/\/www.facebook.com\/gruenlandstaudenhof\" \/>\n<meta property=\"article:published_time\" content=\"2023-02-01T10:21:31+00:00\" \/>\n<meta property=\"article:modified_time\" content=\"2023-02-01T10:21:36+00:00\" \/>\n<meta property=\"og:image\" content=\"https:\/\/www.gruenlandstaudenhof.de\/cms2\/wp-content\/uploads\/2021\/09\/Tumbnail-Winter-Fledi.png\" \/>\n\t<meta property=\"og:image:width\" content=\"1172\" \/>\n\t<meta property=\"og:image:height\" content=\"1172\" \/>\n\t<meta property=\"og:image:type\" content=\"image\/png\" \/>\n<meta name=\"author\" content=\"Administrator\" \/>\n<meta name=\"twitter:card\" content=\"summary_large_image\" \/>\n<meta name=\"twitter:creator\" content=\"@GSH_Oberhausen\" \/>\n<meta name=\"twitter:site\" content=\"@GSH_Oberhausen\" \/>\n<meta name=\"twitter:label1\" content=\"Verfasst von\" \/>\n\t<meta name=\"twitter:data1\" content=\"Administrator\" \/>\n\t<meta name=\"twitter:label2\" content=\"Gesch\u00e4tzte Lesezeit\" \/>\n\t<meta name=\"twitter:data2\" content=\"10\u00a0Minuten\" \/>\n<!-- \/ Yoast SEO plugin. -->","yoast_head_json":{"title":"Gartenarbeiten im Februar - Gr\u00fcnlandstaudenhof","description":"Der Februar ist da! Und damit n\u00e4hern wir uns den n\u00e4chsten Schritt Richtung Fr\u00fchling. Wir hoffen Sie sind gut ins neue Jahr gestartet und hatten einen","robots":{"index":"index","follow":"follow","max-snippet":"max-snippet:-1","max-image-preview":"max-image-preview:large","max-video-preview":"max-video-preview:-1"},"canonical":"https:\/\/www.gruenlandstaudenhof.de\/cms2\/ratgeber\/gartenarbeiten-im-februar\/","og_locale":"de_DE","og_type":"article","og_title":"Gartenarbeiten im Februar - Gr\u00fcnlandstaudenhof","og_description":"Der Februar ist da! Und damit n\u00e4hern wir uns den n\u00e4chsten Schritt Richtung Fr\u00fchling. Wir hoffen Sie sind gut ins neue Jahr gestartet und hatten einen","og_url":"https:\/\/www.gruenlandstaudenhof.de\/cms2\/ratgeber\/gartenarbeiten-im-februar\/","og_site_name":"Gr\u00fcnlandstaudenhof","article_publisher":"https:\/\/www.facebook.com\/gruenlandstaudenhof","article_published_time":"2023-02-01T10:21:31+00:00","article_modified_time":"2023-02-01T10:21:36+00:00","og_image":[{"width":1172,"height":1172,"url":"https:\/\/www.gruenlandstaudenhof.de\/cms2\/wp-content\/uploads\/2021\/09\/Tumbnail-Winter-Fledi.png","type":"image\/png"}],"author":"Administrator","twitter_card":"summary_large_image","twitter_creator":"@GSH_Oberhausen","twitter_site":"@GSH_Oberhausen","twitter_misc":{"Verfasst von":"Administrator","Gesch\u00e4tzte Lesezeit":"10\u00a0Minuten"},"schema":{"@context":"https:\/\/schema.org","@graph":[{"@type":"Article","@id":"https:\/\/www.gruenlandstaudenhof.de\/cms2\/ratgeber\/gartenarbeiten-im-februar\/#article","isPartOf":{"@id":"https:\/\/www.gruenlandstaudenhof.de\/cms2\/ratgeber\/gartenarbeiten-im-februar\/"},"author":{"name":"Administrator","@id":"https:\/\/www.gruenlandstaudenhof.de\/cms2\/#\/schema\/person\/5ddb7b7caf3cb3446b4b3c35e2724a03"},"headline":"Gartenarbeiten im Februar","datePublished":"2023-02-01T10:21:31+00:00","dateModified":"2023-02-01T10:21:36+00:00","mainEntityOfPage":{"@id":"https:\/\/www.gruenlandstaudenhof.de\/cms2\/ratgeber\/gartenarbeiten-im-februar\/"},"wordCount":1629,"commentCount":1,"publisher":{"@id":"https:\/\/www.gruenlandstaudenhof.de\/cms2\/#organization"},"image":{"@id":"https:\/\/www.gruenlandstaudenhof.de\/cms2\/ratgeber\/gartenarbeiten-im-februar\/#primaryimage"},"thumbnailUrl":"https:\/\/www.gruenlandstaudenhof.de\/cms2\/wp-content\/uploads\/2021\/09\/Tumbnail-Winter-Fledi.png","keywords":["Februar","Garten","Ratgeber","Winter"],"articleSection":["Ratgeber"],"inLanguage":"de","potentialAction":[{"@type":"CommentAction","name":"Comment","target":["https:\/\/www.gruenlandstaudenhof.de\/cms2\/ratgeber\/gartenarbeiten-im-februar\/#respond"]}]},{"@type":"WebPage","@id":"https:\/\/www.gruenlandstaudenhof.de\/cms2\/ratgeber\/gartenarbeiten-im-februar\/","url":"https:\/\/www.gruenlandstaudenhof.de\/cms2\/ratgeber\/gartenarbeiten-im-februar\/","name":"Gartenarbeiten im Februar - Gr\u00fcnlandstaudenhof","isPartOf":{"@id":"https:\/\/www.gruenlandstaudenhof.de\/cms2\/#website"},"primaryImageOfPage":{"@id":"https:\/\/www.gruenlandstaudenhof.de\/cms2\/ratgeber\/gartenarbeiten-im-februar\/#primaryimage"},"image":{"@id":"https:\/\/www.gruenlandstaudenhof.de\/cms2\/ratgeber\/gartenarbeiten-im-februar\/#primaryimage"},"thumbnailUrl":"https:\/\/www.gruenlandstaudenhof.de\/cms2\/wp-content\/uploads\/2021\/09\/Tumbnail-Winter-Fledi.png","datePublished":"2023-02-01T10:21:31+00:00","dateModified":"2023-02-01T10:21:36+00:00","description":"Der Februar ist da! Und damit n\u00e4hern wir uns den n\u00e4chsten Schritt Richtung Fr\u00fchling. Wir hoffen Sie sind gut ins neue Jahr gestartet und hatten einen","breadcrumb":{"@id":"https:\/\/www.gruenlandstaudenhof.de\/cms2\/ratgeber\/gartenarbeiten-im-februar\/#breadcrumb"},"inLanguage":"de","potentialAction":[{"@type":"ReadAction","target":["https:\/\/www.gruenlandstaudenhof.de\/cms2\/ratgeber\/gartenarbeiten-im-februar\/"]}]},{"@type":"ImageObject","inLanguage":"de","@id":"https:\/\/www.gruenlandstaudenhof.de\/cms2\/ratgeber\/gartenarbeiten-im-februar\/#primaryimage","url":"https:\/\/www.gruenlandstaudenhof.de\/cms2\/wp-content\/uploads\/2021\/09\/Tumbnail-Winter-Fledi.png","contentUrl":"https:\/\/www.gruenlandstaudenhof.de\/cms2\/wp-content\/uploads\/2021\/09\/Tumbnail-Winter-Fledi.png","width":1172,"height":1172},{"@type":"BreadcrumbList","@id":"https:\/\/www.gruenlandstaudenhof.de\/cms2\/ratgeber\/gartenarbeiten-im-februar\/#breadcrumb","itemListElement":[{"@type":"ListItem","position":1,"name":"Startseite","item":"https:\/\/www.gruenlandstaudenhof.de\/cms2\/"},{"@type":"ListItem","position":2,"name":"Gartenarbeiten im Februar"}]},{"@type":"WebSite","@id":"https:\/\/www.gruenlandstaudenhof.de\/cms2\/#website","url":"https:\/\/www.gruenlandstaudenhof.de\/cms2\/","name":"Gr\u00fcnlandstaudenhof","description":"Landwirtschaft, Gartenbau, Landhandel","publisher":{"@id":"https:\/\/www.gruenlandstaudenhof.de\/cms2\/#organization"},"potentialAction":[{"@type":"SearchAction","target":{"@type":"EntryPoint","urlTemplate":"https:\/\/www.gruenlandstaudenhof.de\/cms2\/?s={search_term_string}"},"query-input":{"@type":"PropertyValueSpecification","valueRequired":true,"valueName":"search_term_string"}}],"inLanguage":"de"},{"@type":"Organization","@id":"https:\/\/www.gruenlandstaudenhof.de\/cms2\/#organization","name":"Gr\u00fcnlandstaudenhof","url":"https:\/\/www.gruenlandstaudenhof.de\/cms2\/","logo":{"@type":"ImageObject","inLanguage":"de","@id":"https:\/\/www.gruenlandstaudenhof.de\/cms2\/#\/schema\/logo\/image\/","url":"https:\/\/www.gruenlandstaudenhof.de\/cms2\/wp-content\/uploads\/2016\/03\/logo_briefkopf_OT.png","contentUrl":"https:\/\/www.gruenlandstaudenhof.de\/cms2\/wp-content\/uploads\/2016\/03\/logo_briefkopf_OT.png","width":504,"height":504,"caption":"Gr\u00fcnlandstaudenhof"},"image":{"@id":"https:\/\/www.gruenlandstaudenhof.de\/cms2\/#\/schema\/logo\/image\/"},"sameAs":["https:\/\/www.facebook.com\/gruenlandstaudenhof","https:\/\/x.com\/GSH_Oberhausen","https:\/\/www.instagram.com\/gruenlandstaudenhof\/"]},{"@type":"Person","@id":"https:\/\/www.gruenlandstaudenhof.de\/cms2\/#\/schema\/person\/5ddb7b7caf3cb3446b4b3c35e2724a03","name":"Administrator"}]}},"uagb_featured_image_src":{"full":["https:\/\/www.gruenlandstaudenhof.de\/cms2\/wp-content\/uploads\/2021\/09\/Tumbnail-Winter-Fledi.png",1172,1172,false],"thumbnail":["https:\/\/www.gruenlandstaudenhof.de\/cms2\/wp-content\/uploads\/2021\/09\/Tumbnail-Winter-Fledi-150x150.png",150,150,true],"medium":["https:\/\/www.gruenlandstaudenhof.de\/cms2\/wp-content\/uploads\/2021\/09\/Tumbnail-Winter-Fledi-300x300.png",300,300,true],"medium_large":["https:\/\/www.gruenlandstaudenhof.de\/cms2\/wp-content\/uploads\/2021\/09\/Tumbnail-Winter-Fledi-768x768.png",768,768,true],"large":["https:\/\/www.gruenlandstaudenhof.de\/cms2\/wp-content\/uploads\/2021\/09\/Tumbnail-Winter-Fledi-1024x1024.png",1024,1024,true],"1536x1536":["https:\/\/www.gruenlandstaudenhof.de\/cms2\/wp-content\/uploads\/2021\/09\/Tumbnail-Winter-Fledi.png",1172,1172,false],"2048x2048":["https:\/\/www.gruenlandstaudenhof.de\/cms2\/wp-content\/uploads\/2021\/09\/Tumbnail-Winter-Fledi.png",1172,1172,false],"ocean-thumb-m":["https:\/\/www.gruenlandstaudenhof.de\/cms2\/wp-content\/uploads\/2021\/09\/Tumbnail-Winter-Fledi.png",600,600,false],"ocean-thumb-ml":["https:\/\/www.gruenlandstaudenhof.de\/cms2\/wp-content\/uploads\/2021\/09\/Tumbnail-Winter-Fledi.png",450,450,false],"ocean-thumb-l":["https:\/\/www.gruenlandstaudenhof.de\/cms2\/wp-content\/uploads\/2021\/09\/Tumbnail-Winter-Fledi.png",700,700,false]},"uagb_author_info":{"display_name":"Administrator","author_link":"https:\/\/www.gruenlandstaudenhof.de\/cms2\/author\/administrator\/"},"uagb_comment_info":1,"uagb_excerpt":"Der Februar ist da! Und damit n\u00e4hern wir uns den n\u00e4chsten Schritt Richtung Fr\u00fchling. Wir hoffen Sie sind gut ins neue Jahr gestartet und hatten einen angenehmen ersten Monat des Jahres. Nur weil jetzt noch Winter ist, hei\u00dft es nicht, es gibt nichts zu tun. Ihr Garten und Ihre Pflanzen m\u00f6gen wirken als wenn sie&hellip;","_links":{"self":[{"href":"https:\/\/www.gruenlandstaudenhof.de\/cms2\/wp-json\/wp\/v2\/posts\/3867","targetHints":{"allow":["GET"]}}],"collection":[{"href":"https:\/\/www.gruenlandstaudenhof.de\/cms2\/wp-json\/wp\/v2\/posts"}],"about":[{"href":"https:\/\/www.gruenlandstaudenhof.de\/cms2\/wp-json\/wp\/v2\/types\/post"}],"author":[{"embeddable":true,"href":"https:\/\/www.gruenlandstaudenhof.de\/cms2\/wp-json\/wp\/v2\/users\/1"}],"replies":[{"embeddable":true,"href":"https:\/\/www.gruenlandstaudenhof.de\/cms2\/wp-json\/wp\/v2\/comments?post=3867"}],"version-history":[{"count":0,"href":"https:\/\/www.gruenlandstaudenhof.de\/cms2\/wp-json\/wp\/v2\/posts\/3867\/revisions"}],"wp:featuredmedia":[{"embeddable":true,"href":"https:\/\/www.gruenlandstaudenhof.de\/cms2\/wp-json\/wp\/v2\/media\/3176"}],"wp:attachment":[{"href":"https:\/\/www.gruenlandstaudenhof.de\/cms2\/wp-json\/wp\/v2\/media?parent=3867"}],"wp:term":[{"taxonomy":"category","embeddable":true,"href":"https:\/\/www.gruenlandstaudenhof.de\/cms2\/wp-json\/wp\/v2\/categories?post=3867"},{"taxonomy":"post_tag","embeddable":true,"href":"https:\/\/www.gruenlandstaudenhof.de\/cms2\/wp-json\/wp\/v2\/tags?post=3867"}],"curies":[{"name":"wp","href":"https:\/\/api.w.org\/{rel}","templated":true}]}}