{"id":7127,"date":"2026-03-16T11:47:54","date_gmt":"2026-03-16T10:47:54","guid":{"rendered":"https:\/\/www.gruenlandstaudenhof.de\/cms2\/?p=7127"},"modified":"2026-03-16T11:49:59","modified_gmt":"2026-03-16T10:49:59","slug":"gartenplanung-von-a-bis-z-fruehling-sommer-herbst-alles-im-griff","status":"publish","type":"post","link":"https:\/\/www.gruenlandstaudenhof.de\/cms2\/garten-pflanzen\/gartenkalender\/gartenplanung-von-a-bis-z-fruehling-sommer-herbst-alles-im-griff\/","title":{"rendered":"Gartenplanung von A bis Z: Fr\u00fchling, Sommer, Herbst \u2013 alles im Griff"},"content":{"rendered":"\n<p>Wer schon einmal im M\u00e4rz vor einem leeren Beet gestanden hat und nicht wusste, wo anfangen, der kennt das Gef\u00fchl: Es ist eine Mischung aus Vorfreude und leichter \u00dcberforderung. Der Garten wartet, die ersten Samen liegen auf dem Tisch, und irgendwie soll das alles einen Sinn ergeben. Ganzj\u00e4hrige Gartenplanung klingt nach viel Aufwand. In Wirklichkeit ist sie das Gegenteil: Sie spart Zeit, verhindert Fehler und macht aus einem gut gemeinten Durcheinander einen produktiven, lebendigen Garten.<\/p>\n\n\n\n<p>Dieser Artikel nimmt Sie durch die drei gro\u00dfen Gartensaisons. Fr\u00fchling, Sommer und Herbst. Nicht als trockene Anleitung, sondern als praktischen Wegweiser, der auf solider g\u00e4rtnerischer Erfahrung und bew\u00e4hrtem Fachwissen beruht. Denn ein Garten ist kein Projekt, das man einmal anlegt und dann laufen l\u00e4sst. Er ist ein lebendiges System, das Aufmerksamkeit, Rhythmus und ein bisschen Voraushdenken verlangt.<\/p>\n\n\n\n<p>Also: \u00c4rmel hoch und rein ins Gr\u00fcne.<\/p>\n\n\n\n<h1 class=\"wp-block-heading\"><strong>Fr\u00fchling: Neustart mit Strategie<\/strong><\/h1>\n\n\n\n<h2 class=\"wp-block-heading\"><strong>Den Boden vorbereiten: Die Grundlage f\u00fcr alles<\/strong><\/h2>\n\n\n\n<p>Bevor auch nur ein Samenkorn in die Erde kommt, lohnt sich ein Blick auf den Boden selbst. Das klingt selbstverst\u00e4ndlich, wird aber erstaunlich oft \u00fcbersprungen. Viele G\u00e4rtner, gerade Einsteiger, greifen direkt zur Harke und legen los. Das Ergebnis: mittelm\u00e4\u00dfige Ernte, weil der Boden schlicht nicht bereit war.<\/p>\n\n\n\n<p>Im zeitigen Fr\u00fchling, also ab M\u00e4rz je nach Region und Witterung, geht es zun\u00e4chst darum, den Boden zu lockern. Wer im Herbst mulcht oder Kompost aufgetragen hat, wird jetzt schon eine merklich bessere Struktur vorfinden. Die Deutsche Gesellschaft f\u00fcr Ern\u00e4hrung und das Bundesministerium f\u00fcr Ern\u00e4hrung und Landwirtschaft betonen in ihren Empfehlungen immer wieder: Humusreicher, gut durchl\u00fcfteter Boden ist die Basis f\u00fcr gesundes Pflanzenwachstum. Wer auf einen pH-Test verzichtet, riskiert, dass N\u00e4hrstoffe einfach nicht aufgenommen werden, selbst wenn man reichlich d\u00fcngt.<\/p>\n\n\n\n<p>Ein einfacher Bodentest, erh\u00e4ltlich im Fachhandel f\u00fcr wenige Euro, zeigt Ihnen, ob Ihr Boden zu sauer oder zu alkalisch ist. Die meisten Gem\u00fcsepflanzen bevorzugen einen pH-Wert zwischen 6,0 und 7,0. Liegt Ihr Wert darunter, hilft Gartenkalk. Liegt er dar\u00fcber, wirkt Kompost aus Nadelstreu ausgleichend. Klingt nach viel Chemie? Ist es nicht. Es ist einfach das Fundament, auf dem alles andere aufbaut.<\/p>\n\n\n\n<h2 class=\"wp-block-heading\"><strong>Voranzucht und Direktsaat: Was wann wohin kommt<\/strong><\/h2>\n\n\n\n<p>Im Fr\u00fchling dreht sich alles um den richtigen Zeitpunkt. Zu fr\u00fch ges\u00e4t, und der Jungpflanze schadet noch der Nachtfrost. Zu sp\u00e4t, und Sie verlieren wertvolle Wochen der Wachstumszeit. Eine alte Faustregel unter G\u00e4rtnern lautet: Erst wenn der Boden sich tags\u00fcber auf etwa acht Grad erw\u00e4rmt hat, ist die Zeit f\u00fcr die ersten Direktsaaten. Radieschen, Spinat und Feldsalat vertragen k\u00fchlere Temperaturen gut. Tomaten, Paprika und Gurken hingegen wollen es warm und werden deshalb ab Februar bis M\u00e4rz in Innenr\u00e4umen vorgezogen.<\/p>\n\n\n\n<p>Die Voranzucht auf der Fensterbank ist eigentlich simpel, hat aber einen h\u00e4ufigen Fallstrick: zu wenig Licht. Keimlinge, die in dunklen Wohnzimmern aufwachsen, werden lang und d\u00fcnn, also sogenannte Geilsttriebe. Sie sind dann so schwach, dass sie nach dem Auspflanzen kaum \u00fcberleben. S\u00fcdausgerichtete Fensterb\u00e4nke, besser noch kleine Pflanzenlampen (LED-Vollspektrumlampen), machen hier den Unterschied.<\/p>\n\n\n\n<p>Ich war einmal wirklich \u00fcberrascht, wie viel gr\u00f6\u00dfer und kr\u00e4ftiger meine Tomatenpflanzen wurden, als ich einfach eine g\u00fcnstige LED-Pflanzenleuchte \u00fcber die Anzuchtschalen h\u00e4ngte. Der Unterschied zu den Fensterbankpflanzen daneben war nach zwei Wochen schon deutlich sichtbar.<\/p>\n\n\n\n<h2 class=\"wp-block-heading\"><strong>Fruchtfolge: Der untersch\u00e4tzte Planer-Vorteil<\/strong><\/h2>\n\n\n\n<p>Wer ganzj\u00e4hrig plant, denkt auch in Jahren. Fruchtfolge bedeutet: Dieselbe Pflanzenfamilie soll nicht mehrere Jahre hintereinander auf dem gleichen Beet stehen. Der Grund liegt in der Bodenbiologie. Bestimmte Sch\u00e4dlinge und Krankheitserreger \u00fcberdauern im Boden und befallen dann erneut die gleiche Kulturpflanze. Tomaten nach Tomaten? Das ist eine Einladung f\u00fcr Kraut- und Braunf\u00e4ule.<\/p>\n\n\n\n<p>Grunds\u00e4tzlich empfiehlt die landwirtschaftliche Fachliteratur, Beet-Fl\u00e4chen in mindestens drei Gruppen zu unterteilen: Starkzehrer wie Kohl, Tomaten und K\u00fcrbis, Mittelzehrer wie Salat und Bohnen, sowie Schwachzehrer wie Kr\u00e4uter und M\u00f6hren. Diese Gruppen rotieren j\u00e4hrlich. Der Boden erholt sich, Sch\u00e4dlingspopulationen brechen zusammen, und der D\u00fcngerverbrauch sinkt. Ein einfaches Schema auf einem karierten Blatt Papier reicht v\u00f6llig aus.<\/p>\n\n\n\n<h1 class=\"wp-block-heading\"><strong>Sommer: Wachstum, Pflege und die kleinen Krisen<\/strong><\/h1>\n\n\n\n<h2 class=\"wp-block-heading\"><strong>Gie\u00dfen: Weniger oft, daf\u00fcr gr\u00fcndlich<\/strong><\/h2>\n\n\n\n<p>Der Sommer bringt Wachstum, aber auch die meisten Pflegefehler. Der h\u00e4ufigste: t\u00e4glich ein bisschen gie\u00dfen. Das klingt f\u00fcrsorglich, ist aber kontraproduktiv. Pflanzen, die regelm\u00e4\u00dfig nur oberfl\u00e4chlich Wasser bekommen, bilden flache Wurzeln und werden anf\u00e4lliger f\u00fcr Trockenstress. Die Empfehlung der Landwirtschaftskammer lautet: lieber seltener, daf\u00fcr tief gie\u00dfen. Zwei- bis dreimal pro Woche, morgens, wenn m\u00f6glich direkt an der Wurzel und nicht \u00fcber die Bl\u00e4tter. Nasse Bl\u00e4tter in der Mittagshitze sind ein F\u00f6rderprogramm f\u00fcr Pilzkrankheiten.<\/p>\n\n\n\n<p>Mulch ist dabei Ihr bester Verb\u00fcndeter im Sommer. Eine f\u00fcnf bis acht Zentimeter dicke Schicht aus Rasenschnitt, Stroh oder Rindenmulch um die Pflanzen herum reduziert die Bodenverdunstung erheblich. Das spart Wasser, h\u00e4lt Unkraut nieder und stabilisiert die Bodentemperatur. Wer das einmal ausprobiert hat, will nicht mehr darauf verzichten.<\/p>\n\n\n\n<h2 class=\"wp-block-heading\"><strong>Sch\u00e4dlinge und Krankheiten: Fr\u00fch erkennen, gezielt reagieren<\/strong><\/h2>\n\n\n\n<p>Kein Garten bleibt von Sch\u00e4dlingen verschont. Das ist kein Versagen, das ist Natur. Die Frage ist: Wie reagiert man klug? Chemische Spritzmittel greifen schnell, aber wahllos. Sie t\u00f6ten N\u00fctzlinge mit, sch\u00e4digen die Bodenbiologie und hinterlassen R\u00fcckst\u00e4nde. Das Bundesamt f\u00fcr Verbraucherschutz und Lebensmittelsicherheit hat in mehreren Studien gezeigt, dass ein stabiles N\u00fctzlingsaufkommen die wichtigste biologische Abwehr im Garten ist. Marienk\u00e4fer, Florfliegen und Schlupfwespen halten Blattl\u00e4use in Schach, ohne dass Sie eingreifen m\u00fcssen.<\/p>\n\n\n\n<p>Was hilft wirklich? Zun\u00e4chst regelm\u00e4\u00dfige Kontrollg\u00e4nge. Wer einmal pro Woche genau hinschaut, erkennt Befall fr\u00fch, wenn er noch leicht zu beheben ist. Blattl\u00e4use lassen sich in den ersten Stadien einfach mit einem kr\u00e4ftigen Wasserstrahl abspr\u00fchen. Mehltau auf K\u00fcrbissen oder Zucchini, oft ein wei\u00dfer pudriger Belag, entsteht h\u00e4ufig durch zu dichte Bepflanzung und schlechte Luftzirkulation. Abhilfe: ausreichend Abstand zwischen den Pflanzen einhalten, wie auf der Saatgutt\u00fcte angegeben.<\/p>\n\n\n\n<p>Mischkulturen sind eine praxisbew\u00e4hrte Methode, um Sch\u00e4dlingsbefall vorzubeugen. Basilikum neben Tomaten, Kapuzinerkresse am Beetrand als Blattlausfalle, Ringelblumen zwischen Gem\u00fcse als Nematodenschutz im Boden. Diese Kombinations-Weisheiten sind keine Folklore, sie wurden auch in wissenschaftlichen Studien best\u00e4tigt, unter anderem von der Universit\u00e4t Hohenheim und der Forschungsanstalt Agroscope in der Schweiz.<\/p>\n\n\n\n<h2 class=\"wp-block-heading\"><strong>Ernte im Sommer: Der richtige Moment ist alles<\/strong><\/h2>\n\n\n\n<p>Vielleicht denken Sie jetzt: Die Ernte ist doch einfach. Man nimmt, was reif ist. Stimmt, aber der Begriff &#8216;reif&#8217; ist komplexer als er klingt. Zucchini beispielsweise sollten geerntet werden, wenn sie etwa 15 bis 20 Zentimeter lang sind. L\u00e4sst man sie h\u00e4ngen, wachsen sie zu riesigen K\u00fcrbissen, schmecken fad und entziehen der Pflanze Energie f\u00fcr neue Fr\u00fcchte. Bohnen sollte man pfl\u00fccken, bevor die Samen im Innern sichtbar anschwellen. Dann bleiben die H\u00fclsen zart. Tomaten? Die sind dann reif, wenn sie sich bei leichtem Druck minimal nachgeben und die Farbe gleichm\u00e4\u00dfig ist.<\/p>\n\n\n\n<p>Regelm\u00e4\u00dfiges Ernten f\u00f6rdert \u00fcbrigens die Weiterproduktion. Das ist kein G\u00e4rtner-Mythos. Bei vielen Fr\u00fcchtetragemden Gem\u00fcsepflanzen signalisiert die Reife einer Frucht der Pflanze, dass sie nun Samen gebildet hat und die Arbeit getan ist. Wer fr\u00fch und oft erntet, h\u00e4lt die Pflanze in der Produktionsphase. Das gilt besonders f\u00fcr Gurken, Bohnen und Zucchini.<\/p>\n\n\n\n<h2 class=\"wp-block-heading\"><strong>Nachsaaten: Den Sommer verl\u00e4ngern<\/strong><\/h2>\n\n\n\n<p>Ein Fehler, den ich selbst lange gemacht habe: Wenn ein Beet abgeerntet war, lie\u00df ich es einfach leer stehen. Was f\u00fcr eine Verschwendung. Sobald Fr\u00fchkartoffeln oder fr\u00fche Erbsen geerntet sind, ist noch Platz und Zeit f\u00fcr eine Folgekultur. Feldsalat, Spinat, Radieschen, Buschbohnen oder auch Kohlrabi lassen sich noch im Juli oder August auss\u00e4en und liefern bis in den Herbst hinein Ernte.<\/p>\n\n\n\n<p>Der Schl\u00fcssel ist dabei die Kenntnis der Reifezeiten. Auf den meisten Saatgutpackungen findet sich die Angabe in Tagen von der Aussaat bis zur Ernte. Wenn Sie wissen, dass Ihr erster Frost im Oktober kommt, k\u00f6nnen Sie grob r\u00fcckrechnen, welche Kultur noch in die Saison passt. Diese Nachsaatplanung, auch L\u00fcckenb\u00fc\u00dfer-Planung genannt, ist einer der effektivsten Wege, um den Fl\u00e4chenertrag des Gartens deutlich zu steigern.<\/p>\n\n\n\n<h1 class=\"wp-block-heading\"><strong>Herbst: Ernte, Einlagerung und der Blick nach vorn<\/strong><\/h1>\n\n\n\n<h2 class=\"wp-block-heading\"><strong>Herbstgem\u00fcse: Robuste Kulturen f\u00fcr k\u00fchle Tage<\/strong><\/h2>\n\n\n\n<p>Der Herbst ist f\u00fcr viele G\u00e4rtner die Saison der Wehmut. Die Tomaten sind weg, die Beete leeren sich. Aber wer vorausgedacht hat, erlebt den Herbst ganz anders: als zweite Hauptsaison. Kohl in all seinen Formen, also Gr\u00fcnkohl, Rosenkohl, Wirsing und Wei\u00dfkohl, erreicht seinen Geschmacksgipfel oft erst nach dem ersten leichten Frost. Der Frost wandelt St\u00e4rke in Zucker um, ein Prozess, der die Bitterstoffe mildert. Gr\u00fcnkohl nach dem ersten Frost ist f\u00fcr viele Kenner das Beste, was der Herbstgarten zu bieten hat.<\/p>\n\n\n\n<p>Pastinaken, Petersilienwurzeln und Schwarzwurzeln sind weitere klassische Herbst- und Wintergem\u00fcse, die kaum jemand im Garten hat, obwohl sie unglaublich pflegeleicht und nahrhaft sind. Schwarzwurzeln wurden als Gem\u00fcse jahrhundertelang in Mitteleuropa angebaut und kommen leider zunehmend aus der Mode. Sie sind frosthart und k\u00f6nnen bis weit in den Winter im Boden verbleiben, was die Lagerung vereinfacht.<\/p>\n\n\n\n<h2 class=\"wp-block-heading\"><strong>Einlagerung und Konservierung: Was wohin kommt<\/strong><\/h2>\n\n\n\n<p>Die Haupternte im Herbst stellt die n\u00e4chste praktische Frage: Wohin damit? Nicht jedes Gem\u00fcse l\u00e4sst sich gleich lagern. Ein k\u00fchler, dunkler Keller mit einer Luftfeuchtigkeit um die 90 Prozent ist ideal f\u00fcr M\u00f6hren, Rote Bete, Sellerie und Lagerk\u00fcrbisse. Diese Bedingungen verhindern das Austrocknen und hemmen gleichzeitig Schimmelwachstum. \u00c4pfel und Birnen lagern ebenfalls gut unter diesen Bedingungen, sollten aber von Gem\u00fcse getrennt aufbewahrt werden, weil sie Ethylen ausscheiden, das andere Fr\u00fcchte schneller reifen l\u00e4sst.<\/p>\n\n\n\n<p>Tomaten, Paprika und Zucchini hingegen m\u00f6gen keine K\u00e4lte. Temperaturen unter zehn Grad schaden ihnen. Wer keine geeigneten R\u00e4ume hat, dem helfen Einkochen, Einfrieren oder Fermentieren. Fermentiertes Gem\u00fcse, also zum Beispiel Kimchi aus selbst angebautem Kohl oder eingelegtes Sauergem\u00fcse, erlebt seit Jahren zu Recht eine Renaissance, nicht nur als Methode der Haltbarmachung, sondern auch wegen seiner gesundheitlichen Vorteile f\u00fcr die Darmflora, wie verschiedene ern\u00e4hrungswissenschaftliche Studien belegen.<\/p>\n\n\n\n<h2 class=\"wp-block-heading\"><strong>Kompost: Der Kreislauf beginnt im Herbst<\/strong><\/h2>\n\n\n\n<p>Kompost ist das Herzst\u00fcck eines nachhaltigen Gartens. Was viele nicht wissen: Der Herbst ist die beste Zeit, um den Kompost richtig zu bef\u00fcllen und zu strukturieren. Laub, Staudenreste, Gem\u00fcseabf\u00e4lle und verrottete Pflanzen bilden das Ausgangsmaterial. Wichtig dabei ist die Mischung aus kohlenstoffreichen und stickstoffreichen Materialien, also trockenem Laub und Holzh\u00e4ckseln auf der einen und frischen Gr\u00fcnschnittabf\u00e4llen und K\u00fcchenresten auf der anderen Seite. Faustformel: etwa drei Teile braunes Material auf einen Teil gr\u00fcnes.<\/p>\n\n\n\n<p>Ein gut strukturierter Komposthaufen arbeitet auch \u00fcber den Winter weiter, wenn auch langsamer. Im Fr\u00fchjahr hat man dann fertig gereiften Kompost, der direkt auf die Beete gebracht werden kann. Der Kreislauf schlie\u00dft sich. Der Boden, der im Herbst abgeerntet wird, wird durch den eigenen Gartenkompost im n\u00e4chsten Jahr wieder aufgebaut. Das ist Kreislaufwirtschaft in der reinsten und sinnvollsten Form.<\/p>\n\n\n\n<h2 class=\"wp-block-heading\"><strong>Zwiebelgew\u00e4chse setzen: Jetzt f\u00fcr den Fr\u00fchling investieren<\/strong><\/h2>\n\n\n\n<p>Herbst ist auch die Zeit f\u00fcr Fr\u00fchjahrsbl\u00fcher und Winterlauch. Knoblauch wird idealerweise im Oktober gepflanzt, um bis zum n\u00e4chsten Sommer gro\u00dfe Knollen zu bilden. Wer den Pflanztermin verpasst, riskiert kleinere Ergebnisse. Tulpen, Narzissen und Krokus kommen ebenfalls jetzt in die Erde, f\u00fcr die ersten Farbtupfer im M\u00e4rz. Diese kleinen Herbstinvestitionen sind die Belohnung, die man sich selbst schenkt, auch wenn man das gerade beim Einpflanzen im kalten Novemberregen noch nicht so empfindet.<\/p>\n\n\n\n<h1 class=\"wp-block-heading\"><strong>Saison\u00fcbergreifende Strategien: Was wirklich den Unterschied macht<\/strong><\/h1>\n\n\n\n<h2 class=\"wp-block-heading\"><strong>Der Gartenkalender: Ihr pers\u00f6nliches Planungswerkzeug<\/strong><\/h2>\n\n\n\n<p>Ein Gartenkalender ist keine Erfindung von Magazinen, die etwas verkaufen wollen. Er ist das sinnvollste Werkzeug, das Sie haben k\u00f6nnen. Und er muss nicht aufwendig sein. Ein einfaches Notizbuch reicht. Wichtig ist, dass Sie notieren: was Sie wann ges\u00e4t oder gepflanzt haben, welche Sorten besonders gut oder besonders schlecht funktioniert haben, wann Sch\u00e4dlinge aufgetaucht sind und wie das Wetter war.<\/p>\n\n\n\n<p>\u00dcber die Jahre entsteht so ein pers\u00f6nliches Ged\u00e4chtnis Ihres Gartens, das kein allgemeines Buch je ersetzen kann. Denn G\u00e4rten sind regional, kleinklimatisch und individuell. Was in einem Garten in S\u00fcddeutschland im April m\u00f6glich ist, ist in einem Garten in Brandenburg im April vielleicht noch zu fr\u00fch. Wer seine eigenen Daten hat, plant besser als jeder Kalender es vorschreiben kann.<\/p>\n\n\n\n<h2 class=\"wp-block-heading\"><strong>Biodiversit\u00e4t als Strategie: Der Garten als \u00d6kosystem<\/strong><\/h2>\n\n\n\n<p>Biodiversit\u00e4t im Garten ist kein Luxus und keine romantische Idee. Sie ist eine ganz praktische Absicherung. G\u00e4rten mit hoher Artenvielfalt, also mit Mischkulturen, Wildblumenstreifen, Hecken und Insektenhotels, haben nachweislich weniger Sch\u00e4dlingsprobleme und brauchen weniger Eingriffe von au\u00dfen. Das zeigt zum Beispiel die langj\u00e4hrige Forschung des Leibniz-Zentrums f\u00fcr Agrarlandschaftsforschung (ZALF) in Brandenburg, die den Zusammenhang zwischen Artenvielfalt und Erntestabilit\u00e4t untersucht hat.<\/p>\n\n\n\n<p>Praktisch bedeutet das: Pflanzen Sie nicht nur Gem\u00fcse. Bl\u00fchstreifen am Beetrand, einj\u00e4hrige Wildblumen wie Kornblumen oder Phacelia, ziehen Bienen und andere Best\u00e4uber an. N\u00fctzlingshotels bieten \u00dcberwinterungsquartiere f\u00fcr Marienk\u00e4fer und Florfliegen. Eine Ecke mit trockenem Totholz bietet Lebensraum f\u00fcr K\u00e4fer, die Sch\u00e4dlinge dezimieren. Das alles kostet wenig und bringt viel.<\/p>\n\n\n\n<h2 class=\"wp-block-heading\"><strong>Wasser klug nutzen: Regenwasser, Tr\u00f6pfchenbew\u00e4sserung und Timing<\/strong><\/h2>\n\n\n\n<p>Trinkwasser zum Gie\u00dfen zu verwenden ist in vielen Regionen Deutschlands l\u00e4ngst keine Selbstverst\u00e4ndlichkeit mehr. Trockene Sommer haben gezeigt, wie kostbar Wasser ist. Die einfachste Gegenma\u00dfnahme: eine oder mehrere Regentonnen installieren. Wer eine Dachfl\u00e4che von 50 Quadratmetern hat, kann bei einem Regen von zehn Litern pro Quadratmeter bis zu 400 Liter Regenwasser sammeln, nat\u00fcrlich abh\u00e4ngig von Verlusten durch Verdunstung und \u00dcberlauf.<\/p>\n\n\n\n<p>Wer noch einen Schritt weiter gehen m\u00f6chte, investiert in Tr\u00f6pfchenbew\u00e4sserung. Perforierte Schl\u00e4uche, direkt am Boden verlegt, bringen das Wasser genau dorthin, wo es gebraucht wird: an die Wurzel. Die Verdunstungsverluste sind minimal, die Bl\u00e4tter bleiben trocken. F\u00fcr gr\u00f6\u00dfere Gem\u00fcseg\u00e4rten, Gew\u00e4chsh\u00e4user oder Hochbeete ist das eine der sinnvollsten Investitionen, die man t\u00e4tigen kann.<\/p>\n\n\n\n<h2 class=\"wp-block-heading\"><strong>Typische Fehler in der Gartenplanung und wie man sie vermeidet<\/strong><\/h2>\n\n\n\n<p>Zu eng pflanzen ist wohl der h\u00e4ufigste Anf\u00e4ngerfehler. Aus einem kleinen Kohlrabi-Setzling wird eine stattliche Pflanze mit 40 bis 50 Zentimetern Durchmesser. Wer die Abst\u00e4nde auf der Saatgutpackung ignoriert, bekommt schwaches, krankes Gem\u00fcse, weil Licht, Luft und N\u00e4hrstoffe nicht reichen. Gleiches gilt f\u00fcr Tomaten, die mit zu wenig Abstand zu dichten Best\u00e4nden werden, was Pilzkrankheiten beg\u00fcnstigt.<\/p>\n\n\n\n<p>Ein weiterer Klassiker: zu fr\u00fch auspflanzen. Die Nacht f\u00fchlt sich mild an, die Tagestemperaturen klettern \u00fcber 15 Grad, und schon wandern die vorgezogenen Tomaten ins Freie. Und dann kommt in der zweiten Maih\u00e4lfte nochmal Frost. Eisheilige, also Mamertus, Pankratius, Servatius, Bonifatius und Sophie, fallen auf den 11. bis 15. Mai und k\u00f6nnen im mitteleurop\u00e4ischen Klima tats\u00e4chlich noch Fr\u00f6ste bringen. Das ist keine Bauernregel zur Dekoration, das ist gelebte meteorologische Realit\u00e4t in vielen Regionen.<\/p>\n\n\n\n<p>Zu wenig d\u00fcngen ist ebenfalls ein verbreitetes Problem, besonders in intensiv genutzten Hochbeeten. Nach zwei bis drei Jahren ist das Substrat ersch\u00f6pft. Regelm\u00e4\u00dfige Kompostgaben und gelegentliche Erg\u00e4nzungen mit organischem Volld\u00fcnger halten die N\u00e4hrstoffversorgung stabil. Zu viel zu d\u00fcngen ist dabei genauso sch\u00e4dlich: Stickstoff\u00fcberschuss f\u00fchrt zu \u00fcppigem, weichem Wachstum, das Sch\u00e4dlinge geradezu anzieht.<\/p>\n\n\n\n<h2 class=\"wp-block-heading\"><strong>Sorten w\u00e4hlen: Regional und Samenfest hat Vorteile<\/strong><\/h2>\n\n\n\n<p>Die Sortenwahl ist ein Thema, das ganze B\u00fccher f\u00fcllt. Ein paar grunds\u00e4tzliche \u00dcberlegungen lohnen sich aber: Samenfeste Sorten erm\u00f6glichen es, eigenes Saatgut zu gewinnen. Das bedeutet Jahr f\u00fcr Jahr weniger Ausgaben und zunehmend an den eigenen Garten angepasstes Pflanzgut. F1-Hybriden, also gekreuzte Hochleistungssorten aus dem Handel, liefern zwar oft h\u00f6here Ertr\u00e4ge und einheitlichere Fr\u00fcchte, aber die zweite Generation aus eigenem Saatgut bringt keine verl\u00e4sslichen Ergebnisse mehr.<\/p>\n\n\n\n<p>Regionale alte Sorten haben zudem eine jahrzehntelange Anpassung an das lokale Klima hinter sich. Organisationen wie Dreschflegel oder Bingenheimer Saatgut e.G. bieten samenfestes und biologisch vermehrtes Saatgut an, das aus g\u00e4rtnerischer Perspektive eine nachhaltige und unabh\u00e4ngige Wahl ist. Hier sei ausdr\u00fccklich darauf hingewiesen, dass Empfehlungen zu spezifischen Sorten je nach Region und Bodenbeschaffenheit variieren k\u00f6nnen; eine Beratung durch den lokalen Gartenbauverein oder die Landwirtschaftskammer lohnt sich.<\/p>\n\n\n\n<h1 class=\"wp-block-heading\"><strong>Fazit: Der Garten als Jahresbegleiter<\/strong><\/h1>\n\n\n\n<p>Ganzj\u00e4hrige Gartenplanung ist kein Hexenwerk und kein Privileg f\u00fcr Profis. Sie ist das Ergebnis von Beobachten, Notieren und dem Mut, Dinge auszuprobieren. Manches wird nicht funktionieren. Eine Reihe M\u00f6hren l\u00e4uft nicht auf. Tomaten bekommen Krautf\u00e4ule trotz aller Vorsicht. Der Kompost riecht eigenartig. Das alles geh\u00f6rt dazu. Was z\u00e4hlt, ist der Rhythmus: Im Fr\u00fchling aufbauen, im Sommer pflegen und ernten, im Herbst abschlie\u00dfen und vorausdenken.<\/p>\n\n\n\n<p>Wer mit dem n\u00e4chsten Jahr im Kopf g\u00e4rtnert, tut der Erde und sich selbst etwas Gutes. Und wer seinen Garten als lebendiges System versteht und nicht als Produktionsst\u00e4tte, wird feststellen, dass die Arbeit leichter wird, die Ernte reichlicher und die Freude am G\u00e4rtnern von Saison zu Saison w\u00e4chst.<\/p>\n\n\n\n<p>Also: Fangen Sie an. Nicht mit dem perfekten Plan. Mit einem Beet. Einem Sommer. Einem Notizbuch.<\/p>\n<div id=\"gruen-2925602261\" class=\"gruen-footer_468x60_bottom gruen-entity-placement\"><div class=\"gruen-adlabel\">Werbung<\/div><div class=\"InPageAdContainer\">\r\n\r\n<!--\t<span class=\"InPageAdHeaderTextWERBUNG\">WERBUNG<\/span>-->\r\n\r\n\t<div style=\"display: flex; flex-direction: column; align-items: center; gap: 10px;\">\r\n\t\t<div style=\"display: inline-block; padding-top:5px;\">\r\n\t\t\t <div id=\"gruen-1961314720\"><div class=\"gruen-adlabel\">Werbung<\/div><div id=\"gruen-915433202\">        <a href=\"https:\/\/t.adcell.com\/p\/click?encodingId=0ba0550c3ab1a4bb76095ca7f7834d41\" target=\"_blank\" rel=\"nofollow sponsored noopener\">\r\n            <img src=\"https:\/\/www.gruenlandstaudenhof.de\/cms2\/wp-content\/uploads\/my-ads-cache\/bd1d14da0bc4b81945aea62ffd21d0ef.jpg\"\r\n                 alt=\"Heizk\u00f6rperheld\"\r\n                 style=\"max-width:100%;height:auto;\"\r\n                width=\"728\"                height=\"90\"                 loading=\"lazy\">\r\n        <\/a>\r\n        \r\n<\/div><\/div>\r\n\t\t<\/div>\r\n\t\r\n\t\t<div style=\"display: inline-block; padding-top:5px;\">\r\n\t\t\t<div id=\"gruen-1227682889\"><div class=\"gruen-adlabel\">Werbung<\/div><div id=\"gruen-1662766763\">        <a href=\"https:\/\/t.adcell.com\/p\/click?encodingId=2cdbf76223f3664015f4ef7ed499f369\" target=\"_blank\" rel=\"nofollow sponsored noopener\">\r\n            <img src=\"https:\/\/www.gruenlandstaudenhof.de\/cms2\/wp-content\/uploads\/my-ads-cache\/2370debd1e820e32777d4068e737dfd7.jpg\"\r\n                 alt=\"Legona\"\r\n                 style=\"max-width:100%;height:auto;\"\r\n                width=\"469\"                height=\"61\"                 loading=\"lazy\">\r\n        <\/a>\r\n        <\/div><\/div>\r\n\t\t<\/div>\r\n\t<\/div>\r\n\t\t\r\n\t<div>\r\n\t<script data-cmp-vendor=\"755\" type=\"text\/plain\" async class=\"cmplazyload\" data-cmp-src=\"https:\/\/pagead2.googlesyndication.com\/pagead\/js\/adsbygoogle.js?client=ca-pub-4674519130717366\"\r\n     crossorigin=\"anonymous\"><\/script>\r\n\t<ins type=\"text\/plain\" class=\"adsbygoogle\"\r\n     style=\"display:block\"\r\n     data-ad-client=\"ca-pub-4674519130717366\"\r\n     data-ad-slot=\"3839778248\"\r\n     data-ad-format=\"auto\"\r\n     data-full-width-responsive=\"true\"><\/ins>\r\n\t<script type=\"text\/plain\" data-cmp-vendor=\"755\" class=\"cmplazyload\">\r\n     (adsbygoogle = window.adsbygoogle || []).push({});\r\n\t<\/script>\r\n     <\/div>\r\n\r\n\t\r\n\t\r\n\r\n<\/div>\r\n\r\n<\/div>","protected":false},"excerpt":{"rendered":"<p>Wer schon einmal im M\u00e4rz vor einem leeren Beet gestanden hat und nicht wusste, wo anfangen, der kennt das Gef\u00fchl: Es ist eine Mischung aus Vorfreude und leichter \u00dcberforderung. Der Garten wartet, die ersten Samen liegen auf dem Tisch, und irgendwie soll das alles einen Sinn ergeben. Ganzj\u00e4hrige Gartenplanung klingt nach viel Aufwand. In Wirklichkeit [&hellip;]<\/p>\n","protected":false},"author":1,"featured_media":0,"comment_status":"closed","ping_status":"open","sticky":false,"template":"","format":"standard","meta":{"_uag_custom_page_level_css":"","ocean_post_layout":"","ocean_both_sidebars_style":"","ocean_both_sidebars_content_width":0,"ocean_both_sidebars_sidebars_width":0,"ocean_sidebar":"","ocean_second_sidebar":"","ocean_disable_margins":"enable","ocean_add_body_class":"","ocean_shortcode_before_top_bar":"","ocean_shortcode_after_top_bar":"","ocean_shortcode_before_header":"","ocean_shortcode_after_header":"","ocean_has_shortcode":"","ocean_shortcode_after_title":"","ocean_shortcode_before_footer_widgets":"","ocean_shortcode_after_footer_widgets":"","ocean_shortcode_before_footer_bottom":"","ocean_shortcode_after_footer_bottom":"","ocean_display_top_bar":"default","ocean_display_header":"default","ocean_header_style":"","ocean_center_header_left_menu":"","ocean_custom_header_template":"","ocean_custom_logo":0,"ocean_custom_retina_logo":0,"ocean_custom_logo_max_width":0,"ocean_custom_logo_tablet_max_width":0,"ocean_custom_logo_mobile_max_width":0,"ocean_custom_logo_max_height":0,"ocean_custom_logo_tablet_max_height":0,"ocean_custom_logo_mobile_max_height":0,"ocean_header_custom_menu":"","ocean_menu_typo_font_family":"","ocean_menu_typo_font_subset":"","ocean_menu_typo_font_size":0,"ocean_menu_typo_font_size_tablet":0,"ocean_menu_typo_font_size_mobile":0,"ocean_menu_typo_font_size_unit":"px","ocean_menu_typo_font_weight":"","ocean_menu_typo_font_weight_tablet":"","ocean_menu_typo_font_weight_mobile":"","ocean_menu_typo_transform":"","ocean_menu_typo_transform_tablet":"","ocean_menu_typo_transform_mobile":"","ocean_menu_typo_line_height":0,"ocean_menu_typo_line_height_tablet":0,"ocean_menu_typo_line_height_mobile":0,"ocean_menu_typo_line_height_unit":"","ocean_menu_typo_spacing":0,"ocean_menu_typo_spacing_tablet":0,"ocean_menu_typo_spacing_mobile":0,"ocean_menu_typo_spacing_unit":"","ocean_menu_link_color":"","ocean_menu_link_color_hover":"","ocean_menu_link_color_active":"","ocean_menu_link_background":"","ocean_menu_link_hover_background":"","ocean_menu_link_active_background":"","ocean_menu_social_links_bg":"","ocean_menu_social_hover_links_bg":"","ocean_menu_social_links_color":"","ocean_menu_social_hover_links_color":"","ocean_disable_title":"default","ocean_disable_heading":"default","ocean_post_title":"","ocean_post_subheading":"","ocean_post_title_style":"","ocean_post_title_background_color":"","ocean_post_title_background":0,"ocean_post_title_bg_image_position":"","ocean_post_title_bg_image_attachment":"","ocean_post_title_bg_image_repeat":"","ocean_post_title_bg_image_size":"","ocean_post_title_height":0,"ocean_post_title_bg_overlay":0.5,"ocean_post_title_bg_overlay_color":"","ocean_disable_breadcrumbs":"default","ocean_breadcrumbs_color":"","ocean_breadcrumbs_separator_color":"","ocean_breadcrumbs_links_color":"","ocean_breadcrumbs_links_hover_color":"","ocean_display_footer_widgets":"default","ocean_display_footer_bottom":"default","ocean_custom_footer_template":"","ocean_post_oembed":"","ocean_post_self_hosted_media":"","ocean_post_video_embed":"","ocean_link_format":"","ocean_link_format_target":"self","ocean_quote_format":"","ocean_quote_format_link":"post","ocean_gallery_link_images":"on","ocean_gallery_id":[],"footnotes":""},"categories":[766,645,644,765,647,646,648],"tags":[482,11,691,50],"class_list":["post-7127","post","type-post","status-publish","format-standard","hentry","category-beetgestaltung-planung","category-fruehling","category-gartenkalender","category-gartenpraxis-pflege","category-herbst","category-sommer","category-winter","tag-fruehling","tag-garten","tag-gartenplanung","tag-sommer","entry"],"yoast_head":"<!-- This site is optimized with the Yoast SEO plugin v27.4 - https:\/\/yoast.com\/product\/yoast-seo-wordpress\/ -->\n<title>Gartenplanung von A bis Z: Fr\u00fchling, Sommer, Herbst \u2013 alles im Griff - Gr\u00fcnlandstaudenhof<\/title>\n<meta name=\"description\" content=\"Wer schon einmal im M\u00e4rz vor einem leeren Beet gestanden hat und nicht wusste, wo anfangen, der kennt das Gef\u00fchl: Es ist eine Mischung aus Vorfreude und\" \/>\n<meta name=\"robots\" content=\"index, follow, max-snippet:-1, max-image-preview:large, max-video-preview:-1\" \/>\n<link rel=\"canonical\" href=\"https:\/\/www.gruenlandstaudenhof.de\/cms2\/garten-pflanzen\/gartenkalender\/gartenplanung-von-a-bis-z-fruehling-sommer-herbst-alles-im-griff\/\" \/>\n<meta property=\"og:locale\" content=\"de_DE\" \/>\n<meta property=\"og:type\" content=\"article\" \/>\n<meta property=\"og:title\" content=\"Gartenplanung von A bis Z: Fr\u00fchling, Sommer, Herbst \u2013 alles im Griff - Gr\u00fcnlandstaudenhof\" \/>\n<meta property=\"og:description\" content=\"Wer schon einmal im M\u00e4rz vor einem leeren Beet gestanden hat und nicht wusste, wo anfangen, der kennt das Gef\u00fchl: Es ist eine Mischung aus Vorfreude und\" \/>\n<meta property=\"og:url\" content=\"https:\/\/www.gruenlandstaudenhof.de\/cms2\/garten-pflanzen\/gartenkalender\/gartenplanung-von-a-bis-z-fruehling-sommer-herbst-alles-im-griff\/\" \/>\n<meta property=\"og:site_name\" content=\"Gr\u00fcnlandstaudenhof\" \/>\n<meta property=\"article:publisher\" content=\"https:\/\/www.facebook.com\/gruenlandstaudenhof\" \/>\n<meta property=\"article:published_time\" content=\"2026-03-16T10:47:54+00:00\" \/>\n<meta property=\"article:modified_time\" content=\"2026-03-16T10:49:59+00:00\" \/>\n<meta property=\"og:image\" content=\"https:\/\/www.gruenlandstaudenhof.de\/cms2\/wp-content\/uploads\/2019\/01\/Logo192.png\" \/>\n\t<meta property=\"og:image:width\" content=\"192\" \/>\n\t<meta property=\"og:image:height\" content=\"192\" \/>\n\t<meta property=\"og:image:type\" content=\"image\/png\" \/>\n<meta name=\"author\" content=\"Administrator\" \/>\n<meta name=\"twitter:card\" content=\"summary_large_image\" \/>\n<meta name=\"twitter:creator\" content=\"@GSH_Oberhausen\" \/>\n<meta name=\"twitter:site\" content=\"@GSH_Oberhausen\" \/>\n<meta name=\"twitter:label1\" content=\"Verfasst von\" \/>\n\t<meta name=\"twitter:data1\" content=\"Administrator\" \/>\n\t<meta name=\"twitter:label2\" content=\"Gesch\u00e4tzte Lesezeit\" \/>\n\t<meta name=\"twitter:data2\" content=\"15\u00a0Minuten\" \/>\n<!-- \/ Yoast SEO plugin. -->","yoast_head_json":{"title":"Gartenplanung von A bis Z: Fr\u00fchling, Sommer, Herbst \u2013 alles im Griff - Gr\u00fcnlandstaudenhof","description":"Wer schon einmal im M\u00e4rz vor einem leeren Beet gestanden hat und nicht wusste, wo anfangen, der kennt das Gef\u00fchl: Es ist eine Mischung aus Vorfreude und","robots":{"index":"index","follow":"follow","max-snippet":"max-snippet:-1","max-image-preview":"max-image-preview:large","max-video-preview":"max-video-preview:-1"},"canonical":"https:\/\/www.gruenlandstaudenhof.de\/cms2\/garten-pflanzen\/gartenkalender\/gartenplanung-von-a-bis-z-fruehling-sommer-herbst-alles-im-griff\/","og_locale":"de_DE","og_type":"article","og_title":"Gartenplanung von A bis Z: Fr\u00fchling, Sommer, Herbst \u2013 alles im Griff - Gr\u00fcnlandstaudenhof","og_description":"Wer schon einmal im M\u00e4rz vor einem leeren Beet gestanden hat und nicht wusste, wo anfangen, der kennt das Gef\u00fchl: Es ist eine Mischung aus Vorfreude und","og_url":"https:\/\/www.gruenlandstaudenhof.de\/cms2\/garten-pflanzen\/gartenkalender\/gartenplanung-von-a-bis-z-fruehling-sommer-herbst-alles-im-griff\/","og_site_name":"Gr\u00fcnlandstaudenhof","article_publisher":"https:\/\/www.facebook.com\/gruenlandstaudenhof","article_published_time":"2026-03-16T10:47:54+00:00","article_modified_time":"2026-03-16T10:49:59+00:00","og_image":[{"width":192,"height":192,"url":"https:\/\/www.gruenlandstaudenhof.de\/cms2\/wp-content\/uploads\/2019\/01\/Logo192.png","type":"image\/png"}],"author":"Administrator","twitter_card":"summary_large_image","twitter_creator":"@GSH_Oberhausen","twitter_site":"@GSH_Oberhausen","twitter_misc":{"Verfasst von":"Administrator","Gesch\u00e4tzte Lesezeit":"15\u00a0Minuten"},"schema":{"@context":"https:\/\/schema.org","@graph":[{"@type":"Article","@id":"https:\/\/www.gruenlandstaudenhof.de\/cms2\/garten-pflanzen\/gartenkalender\/gartenplanung-von-a-bis-z-fruehling-sommer-herbst-alles-im-griff\/#article","isPartOf":{"@id":"https:\/\/www.gruenlandstaudenhof.de\/cms2\/garten-pflanzen\/gartenkalender\/gartenplanung-von-a-bis-z-fruehling-sommer-herbst-alles-im-griff\/"},"author":{"name":"Administrator","@id":"https:\/\/www.gruenlandstaudenhof.de\/cms2\/#\/schema\/person\/5ddb7b7caf3cb3446b4b3c35e2724a03"},"headline":"Gartenplanung von A bis Z: Fr\u00fchling, Sommer, Herbst \u2013 alles im Griff","datePublished":"2026-03-16T10:47:54+00:00","dateModified":"2026-03-16T10:49:59+00:00","mainEntityOfPage":{"@id":"https:\/\/www.gruenlandstaudenhof.de\/cms2\/garten-pflanzen\/gartenkalender\/gartenplanung-von-a-bis-z-fruehling-sommer-herbst-alles-im-griff\/"},"wordCount":2864,"publisher":{"@id":"https:\/\/www.gruenlandstaudenhof.de\/cms2\/#organization"},"keywords":["Fr\u00fchling","Garten","Gartenplanung","Sommer"],"articleSection":["Beetgestaltung &amp; Planung","Fr\u00fchling","Gartenkalender","Gartenpraxis &amp; Pflege","Herbst","Sommer","Winter"],"inLanguage":"de"},{"@type":"WebPage","@id":"https:\/\/www.gruenlandstaudenhof.de\/cms2\/garten-pflanzen\/gartenkalender\/gartenplanung-von-a-bis-z-fruehling-sommer-herbst-alles-im-griff\/","url":"https:\/\/www.gruenlandstaudenhof.de\/cms2\/garten-pflanzen\/gartenkalender\/gartenplanung-von-a-bis-z-fruehling-sommer-herbst-alles-im-griff\/","name":"Gartenplanung von A bis Z: Fr\u00fchling, Sommer, Herbst \u2013 alles im Griff - Gr\u00fcnlandstaudenhof","isPartOf":{"@id":"https:\/\/www.gruenlandstaudenhof.de\/cms2\/#website"},"datePublished":"2026-03-16T10:47:54+00:00","dateModified":"2026-03-16T10:49:59+00:00","description":"Wer schon einmal im M\u00e4rz vor einem leeren Beet gestanden hat und nicht wusste, wo anfangen, der kennt das Gef\u00fchl: Es ist eine Mischung aus Vorfreude und","breadcrumb":{"@id":"https:\/\/www.gruenlandstaudenhof.de\/cms2\/garten-pflanzen\/gartenkalender\/gartenplanung-von-a-bis-z-fruehling-sommer-herbst-alles-im-griff\/#breadcrumb"},"inLanguage":"de","potentialAction":[{"@type":"ReadAction","target":["https:\/\/www.gruenlandstaudenhof.de\/cms2\/garten-pflanzen\/gartenkalender\/gartenplanung-von-a-bis-z-fruehling-sommer-herbst-alles-im-griff\/"]}]},{"@type":"BreadcrumbList","@id":"https:\/\/www.gruenlandstaudenhof.de\/cms2\/garten-pflanzen\/gartenkalender\/gartenplanung-von-a-bis-z-fruehling-sommer-herbst-alles-im-griff\/#breadcrumb","itemListElement":[{"@type":"ListItem","position":1,"name":"Startseite","item":"https:\/\/www.gruenlandstaudenhof.de\/cms2\/"},{"@type":"ListItem","position":2,"name":"Gartenplanung von A bis Z: Fr\u00fchling, Sommer, Herbst \u2013 alles im Griff"}]},{"@type":"WebSite","@id":"https:\/\/www.gruenlandstaudenhof.de\/cms2\/#website","url":"https:\/\/www.gruenlandstaudenhof.de\/cms2\/","name":"Gr\u00fcnlandstaudenhof","description":"Landwirtschaft, Gartenbau, Landhandel","publisher":{"@id":"https:\/\/www.gruenlandstaudenhof.de\/cms2\/#organization"},"potentialAction":[{"@type":"SearchAction","target":{"@type":"EntryPoint","urlTemplate":"https:\/\/www.gruenlandstaudenhof.de\/cms2\/?s={search_term_string}"},"query-input":{"@type":"PropertyValueSpecification","valueRequired":true,"valueName":"search_term_string"}}],"inLanguage":"de"},{"@type":"Organization","@id":"https:\/\/www.gruenlandstaudenhof.de\/cms2\/#organization","name":"Gr\u00fcnlandstaudenhof","url":"https:\/\/www.gruenlandstaudenhof.de\/cms2\/","logo":{"@type":"ImageObject","inLanguage":"de","@id":"https:\/\/www.gruenlandstaudenhof.de\/cms2\/#\/schema\/logo\/image\/","url":"https:\/\/www.gruenlandstaudenhof.de\/cms2\/wp-content\/uploads\/2016\/03\/logo_briefkopf_OT.png","contentUrl":"https:\/\/www.gruenlandstaudenhof.de\/cms2\/wp-content\/uploads\/2016\/03\/logo_briefkopf_OT.png","width":504,"height":504,"caption":"Gr\u00fcnlandstaudenhof"},"image":{"@id":"https:\/\/www.gruenlandstaudenhof.de\/cms2\/#\/schema\/logo\/image\/"},"sameAs":["https:\/\/www.facebook.com\/gruenlandstaudenhof","https:\/\/x.com\/GSH_Oberhausen","https:\/\/www.instagram.com\/gruenlandstaudenhof\/"]},{"@type":"Person","@id":"https:\/\/www.gruenlandstaudenhof.de\/cms2\/#\/schema\/person\/5ddb7b7caf3cb3446b4b3c35e2724a03","name":"Administrator"}]}},"uagb_featured_image_src":{"full":false,"thumbnail":false,"medium":false,"medium_large":false,"large":false,"1536x1536":false,"2048x2048":false,"ocean-thumb-m":false,"ocean-thumb-ml":false,"ocean-thumb-l":false},"uagb_author_info":{"display_name":"Administrator","author_link":"https:\/\/www.gruenlandstaudenhof.de\/cms2\/author\/administrator\/"},"uagb_comment_info":0,"uagb_excerpt":"Wer schon einmal im M\u00e4rz vor einem leeren Beet gestanden hat und nicht wusste, wo anfangen, der kennt das Gef\u00fchl: Es ist eine Mischung aus Vorfreude und leichter \u00dcberforderung. Der Garten wartet, die ersten Samen liegen auf dem Tisch, und irgendwie soll das alles einen Sinn ergeben. Ganzj\u00e4hrige Gartenplanung klingt nach viel Aufwand. In Wirklichkeit&hellip;","_links":{"self":[{"href":"https:\/\/www.gruenlandstaudenhof.de\/cms2\/wp-json\/wp\/v2\/posts\/7127","targetHints":{"allow":["GET"]}}],"collection":[{"href":"https:\/\/www.gruenlandstaudenhof.de\/cms2\/wp-json\/wp\/v2\/posts"}],"about":[{"href":"https:\/\/www.gruenlandstaudenhof.de\/cms2\/wp-json\/wp\/v2\/types\/post"}],"author":[{"embeddable":true,"href":"https:\/\/www.gruenlandstaudenhof.de\/cms2\/wp-json\/wp\/v2\/users\/1"}],"replies":[{"embeddable":true,"href":"https:\/\/www.gruenlandstaudenhof.de\/cms2\/wp-json\/wp\/v2\/comments?post=7127"}],"version-history":[{"count":1,"href":"https:\/\/www.gruenlandstaudenhof.de\/cms2\/wp-json\/wp\/v2\/posts\/7127\/revisions"}],"predecessor-version":[{"id":7128,"href":"https:\/\/www.gruenlandstaudenhof.de\/cms2\/wp-json\/wp\/v2\/posts\/7127\/revisions\/7128"}],"wp:attachment":[{"href":"https:\/\/www.gruenlandstaudenhof.de\/cms2\/wp-json\/wp\/v2\/media?parent=7127"}],"wp:term":[{"taxonomy":"category","embeddable":true,"href":"https:\/\/www.gruenlandstaudenhof.de\/cms2\/wp-json\/wp\/v2\/categories?post=7127"},{"taxonomy":"post_tag","embeddable":true,"href":"https:\/\/www.gruenlandstaudenhof.de\/cms2\/wp-json\/wp\/v2\/tags?post=7127"}],"curies":[{"name":"wp","href":"https:\/\/api.w.org\/{rel}","templated":true}]}}